{"id":205761,"date":"2026-02-20T19:01:15","date_gmt":"2026-02-20T22:01:15","guid":{"rendered":"https:\/\/chacosintesis.com.ar\/index.php\/sol-perez-recordo-su-cruce-con-javier-milei-yo-se-lo-que-cuesta-ganarse-la-plata-_a6998c386c331fb25184ab688\/"},"modified":"2026-02-20T19:01:15","modified_gmt":"2026-02-20T22:01:15","slug":"sol-perez-recordo-su-cruce-con-javier-milei-yo-se-lo-que-cuesta-ganarse-la-plata-_a6998c386c331fb25184ab688","status":"publish","type":"post","link":"https:\/\/chacosintesis.com.ar\/index.php\/sol-perez-recordo-su-cruce-con-javier-milei-yo-se-lo-que-cuesta-ganarse-la-plata-_a6998c386c331fb25184ab688\/","title":{"rendered":"Sol P\u00e9rez record\u00f3 su cruce con Javier Milei: \u201cYo s\u00e9 lo que cuesta ganarse la plata\u201d"},"content":{"rendered":"<p><img decoding=\"async\" src=\"data:image\/gif;base64,R0lGODlhAQABAIAAAAAAAP\/\/\/ywAAAAAAQABAAACAUwAOw==\" fifu-lazy=\"1\" fifu-data-sizes=\"auto\" fifu-data-srcset=\"https:\/\/i0.wp.com\/chacosintesis.com.ar\/wp-content\/uploads\/2026\/02\/Sol-Perez-recordo-su-cruce-con-Javier-Milei-Yo-se.jpeg?ssl=1&w=75&resize=75&ssl=1 75w, https:\/\/i0.wp.com\/chacosintesis.com.ar\/wp-content\/uploads\/2026\/02\/Sol-Perez-recordo-su-cruce-con-Javier-Milei-Yo-se.jpeg?ssl=1&w=100&resize=100&ssl=1 100w, https:\/\/i0.wp.com\/chacosintesis.com.ar\/wp-content\/uploads\/2026\/02\/Sol-Perez-recordo-su-cruce-con-Javier-Milei-Yo-se.jpeg?ssl=1&w=150&resize=150&ssl=1 150w, https:\/\/i0.wp.com\/chacosintesis.com.ar\/wp-content\/uploads\/2026\/02\/Sol-Perez-recordo-su-cruce-con-Javier-Milei-Yo-se.jpeg?ssl=1&w=240&resize=240&ssl=1 240w, https:\/\/i0.wp.com\/chacosintesis.com.ar\/wp-content\/uploads\/2026\/02\/Sol-Perez-recordo-su-cruce-con-Javier-Milei-Yo-se.jpeg?ssl=1&w=320&resize=320&ssl=1 320w, https:\/\/i0.wp.com\/chacosintesis.com.ar\/wp-content\/uploads\/2026\/02\/Sol-Perez-recordo-su-cruce-con-Javier-Milei-Yo-se.jpeg?ssl=1&w=500&resize=500&ssl=1 500w, https:\/\/i0.wp.com\/chacosintesis.com.ar\/wp-content\/uploads\/2026\/02\/Sol-Perez-recordo-su-cruce-con-Javier-Milei-Yo-se.jpeg?ssl=1&w=640&resize=640&ssl=1 640w, https:\/\/i0.wp.com\/chacosintesis.com.ar\/wp-content\/uploads\/2026\/02\/Sol-Perez-recordo-su-cruce-con-Javier-Milei-Yo-se.jpeg?ssl=1&w=800&resize=800&ssl=1 800w, https:\/\/i0.wp.com\/chacosintesis.com.ar\/wp-content\/uploads\/2026\/02\/Sol-Perez-recordo-su-cruce-con-Javier-Milei-Yo-se.jpeg?ssl=1&w=1024&resize=1024&ssl=1 1024w, https:\/\/i0.wp.com\/chacosintesis.com.ar\/wp-content\/uploads\/2026\/02\/Sol-Perez-recordo-su-cruce-con-Javier-Milei-Yo-se.jpeg?ssl=1&w=1280&resize=1280&ssl=1 1280w, https:\/\/i0.wp.com\/chacosintesis.com.ar\/wp-content\/uploads\/2026\/02\/Sol-Perez-recordo-su-cruce-con-Javier-Milei-Yo-se.jpeg?ssl=1&w=1600&resize=1600&ssl=1 1600w\" fifu-data-src=\"https:\/\/i0.wp.com\/chacosintesis.com.ar\/wp-content\/uploads\/2026\/02\/Sol-Perez-recordo-su-cruce-con-Javier-Milei-Yo-se.jpeg?ssl=1\" \/><\/p>\n<div itemprop=\"articleBody\">\n<p><a href=\"\/\"><strong>Buenos Aires, 20 febrero (NA) <\/strong><\/a>\u2013 <strong>Sol P\u00e9rez<\/strong> volvi\u00f3 a ser tendencia al recordar c\u00f3mo fue su pol\u00e9mica pelea con el presidente<strong> Javier Milei<\/strong> y profundiz\u00f3 sobre su opini\u00f3n con respecto a las ideas pol\u00edticas y econ\u00f3micas que defiende el mandatario.<\/p>\n<p>Seg\u00fan supo la <a rel=\"noopener nofollow\" href=\"https:\/\/es.wikipedia.org\/wiki\/Noticias_Argentinas\" target=\"_blank\">Agencia Noticias Argentinas<\/a>, la medi\u00e1tica analiz\u00f3 el rol del Estado desde una perspectiva social y personal, poniendo de ejemplo su pasado.\u00a0<\/p>\n<p>\u201cSi el Estado no interviene, las relaciones y las diferencias econ\u00f3micas son muy grandes, son muy grandes. <strong>Yo vengo de un lugar muy humilde, de una familia que le cost\u00f3, que la luch\u00f3; mi pap\u00e1 es re-laburador, tiene su local de siempre en la calle&#8230; Entonces es como que veo la realidad<\/strong>\u201d, se diferenci\u00f3.\u00a0<\/p>\n<p style=\"--ipspy: __IP__;color: __IP__;text-decoration: __IP__;\" alt=\"__IP__\" data-ipspy=\"__IP__\" title=\"__IP__\">P\u00e9rez sostuvo que, a pesar de que ahora ella se encuentra en un lugar privilegiado, respeta el valor que tiene el dinero: \u201cS\u00e9 de d\u00f3nde viene la gente y s\u00e9 lo que cuesta ganarse la plata, lo que cuesta pagar un colegio si es que lo pod\u00e9s pagar, comer si es que pod\u00e9s comer todos los d\u00edas\u201d.<span style=\"opacity: 0;\" data-nosnippet=\"\">__IP__<\/span><\/p>\n<p><tadevel-ad  class=\"block-4d\" slot-id=\"article-inline-01\"\/><\/p>\n<p>Adem\u00e1s, aclar\u00f3 que ella \u201cno est\u00e1 en contra de los impuestos\u201d, sino que se cuestiona que \u201cesos impuestos vayan realmente a donde tienen que ir\u201d.<\/p>\n<p>&#8220;\u00c9l [Javier Milei], en su momento, su pensamiento es el mismo que el que tiene hoy: que es un Estado de libertad total o donde el Estado tal vez no interviene tanto. Me imagino que, estando en el poder y siendo Presidente, cambia un poco esa idea porque ten\u00e9s que hacer un paso a su idea final. Pero bueno, yo tengo un Estado, tal vez, o estudi\u00e9 de determinada manera, o por mis vivencias, un Estado capaz m\u00e1s presente&#8230;&#8221;, concluy\u00f3. <a href=\"\/-agenciana_t6916e70a4551e78eb9423f59\">#AgenciaNA<\/a>\u00a0<\/p>\n<figure class=\"multimedia\" data-tadevel-template=\"web\/multimedia\" data-type=\"video\"\/>\n<\/div>\n<p><img decoding=\"async\" src=\"data:image\/gif;base64,R0lGODlhAQABAIAAAAAAAP\/\/\/ywAAAAAAQABAAACAUwAOw==\" fifu-lazy=\"1\" fifu-data-sizes=\"auto\" fifu-data-srcset=\"https:\/\/i0.wp.com\/chacosintesis.com.ar\/wp-content\/uploads\/2026\/02\/1771624875_32_Sol-Perez-recordo-su-cruce-con-Javier-Milei-Yo-se.jpeg?ssl=1&w=75&resize=75&ssl=1 75w, https:\/\/i0.wp.com\/chacosintesis.com.ar\/wp-content\/uploads\/2026\/02\/1771624875_32_Sol-Perez-recordo-su-cruce-con-Javier-Milei-Yo-se.jpeg?ssl=1&w=100&resize=100&ssl=1 100w, https:\/\/i0.wp.com\/chacosintesis.com.ar\/wp-content\/uploads\/2026\/02\/1771624875_32_Sol-Perez-recordo-su-cruce-con-Javier-Milei-Yo-se.jpeg?ssl=1&w=150&resize=150&ssl=1 150w, https:\/\/i0.wp.com\/chacosintesis.com.ar\/wp-content\/uploads\/2026\/02\/1771624875_32_Sol-Perez-recordo-su-cruce-con-Javier-Milei-Yo-se.jpeg?ssl=1&w=240&resize=240&ssl=1 240w, https:\/\/i0.wp.com\/chacosintesis.com.ar\/wp-content\/uploads\/2026\/02\/1771624875_32_Sol-Perez-recordo-su-cruce-con-Javier-Milei-Yo-se.jpeg?ssl=1&w=320&resize=320&ssl=1 320w, https:\/\/i0.wp.com\/chacosintesis.com.ar\/wp-content\/uploads\/2026\/02\/1771624875_32_Sol-Perez-recordo-su-cruce-con-Javier-Milei-Yo-se.jpeg?ssl=1&w=500&resize=500&ssl=1 500w, https:\/\/i0.wp.com\/chacosintesis.com.ar\/wp-content\/uploads\/2026\/02\/1771624875_32_Sol-Perez-recordo-su-cruce-con-Javier-Milei-Yo-se.jpeg?ssl=1&w=640&resize=640&ssl=1 640w, https:\/\/i0.wp.com\/chacosintesis.com.ar\/wp-content\/uploads\/2026\/02\/1771624875_32_Sol-Perez-recordo-su-cruce-con-Javier-Milei-Yo-se.jpeg?ssl=1&w=800&resize=800&ssl=1 800w, https:\/\/i0.wp.com\/chacosintesis.com.ar\/wp-content\/uploads\/2026\/02\/1771624875_32_Sol-Perez-recordo-su-cruce-con-Javier-Milei-Yo-se.jpeg?ssl=1&w=1024&resize=1024&ssl=1 1024w, https:\/\/i0.wp.com\/chacosintesis.com.ar\/wp-content\/uploads\/2026\/02\/1771624875_32_Sol-Perez-recordo-su-cruce-con-Javier-Milei-Yo-se.jpeg?ssl=1&w=1280&resize=1280&ssl=1 1280w, https:\/\/i0.wp.com\/chacosintesis.com.ar\/wp-content\/uploads\/2026\/02\/1771624875_32_Sol-Perez-recordo-su-cruce-con-Javier-Milei-Yo-se.jpeg?ssl=1&w=1600&resize=1600&ssl=1 1600w\" fifu-data-src=\"https:\/\/i0.wp.com\/chacosintesis.com.ar\/wp-content\/uploads\/2026\/02\/1771624875_32_Sol-Perez-recordo-su-cruce-con-Javier-Milei-Yo-se.jpeg?ssl=1\"><\/p>\n<p>Noticias Argentinas<\/p>\n","protected":false},"excerpt":{"rendered":"<p>Buenos Aires, 20 febrero (NA) \u2013 Sol P\u00e9rez volvi\u00f3 a ser tendencia al recordar c\u00f3mo fue su pol\u00e9mica pelea con el presidente Javier Milei y profundiz\u00f3 sobre su opini\u00f3n con respecto a las ideas pol\u00edticas y econ\u00f3micas que defiende el mandatario. Seg\u00fan supo la Agencia Noticias Argentinas, la medi\u00e1tica analiz\u00f3 el rol del Estado desde [&hellip;]<\/p>\n","protected":false},"author":1,"featured_media":205772,"comment_status":"closed","ping_status":"","sticky":false,"template":"","format":"standard","meta":{"footnotes":""},"categories":[188],"tags":[],"class_list":{"0":"post-205761","1":"post","2":"type-post","3":"status-publish","4":"format-standard","5":"has-post-thumbnail","7":"category-farandula"},"_links":{"self":[{"href":"https:\/\/chacosintesis.com.ar\/index.php\/wp-json\/wp\/v2\/posts\/205761","targetHints":{"allow":["GET"]}}],"collection":[{"href":"https:\/\/chacosintesis.com.ar\/index.php\/wp-json\/wp\/v2\/posts"}],"about":[{"href":"https:\/\/chacosintesis.com.ar\/index.php\/wp-json\/wp\/v2\/types\/post"}],"author":[{"embeddable":true,"href":"https:\/\/chacosintesis.com.ar\/index.php\/wp-json\/wp\/v2\/users\/1"}],"replies":[{"embeddable":true,"href":"https:\/\/chacosintesis.com.ar\/index.php\/wp-json\/wp\/v2\/comments?post=205761"}],"version-history":[{"count":0,"href":"https:\/\/chacosintesis.com.ar\/index.php\/wp-json\/wp\/v2\/posts\/205761\/revisions"}],"wp:featuredmedia":[{"embeddable":true,"href":"https:\/\/chacosintesis.com.ar\/index.php\/wp-json\/wp\/v2\/media\/205772"}],"wp:attachment":[{"href":"https:\/\/chacosintesis.com.ar\/index.php\/wp-json\/wp\/v2\/media?parent=205761"}],"wp:term":[{"taxonomy":"category","embeddable":true,"href":"https:\/\/chacosintesis.com.ar\/index.php\/wp-json\/wp\/v2\/categories?post=205761"},{"taxonomy":"post_tag","embeddable":true,"href":"https:\/\/chacosintesis.com.ar\/index.php\/wp-json\/wp\/v2\/tags?post=205761"}],"curies":[{"name":"wp","href":"https:\/\/api.w.org\/{rel}","templated":true}]}}