{"id":205712,"date":"2026-02-20T15:58:54","date_gmt":"2026-02-20T18:58:54","guid":{"rendered":"http:\/\/chacosintesis.com.ar\/index.php\/netflix-confirmo-la-tercera-temporada-de-en-el-barro-_a69989c08c331fb251845162c\/"},"modified":"2026-02-20T15:58:54","modified_gmt":"2026-02-20T18:58:54","slug":"netflix-confirmo-la-tercera-temporada-de-en-el-barro-_a69989c08c331fb251845162c","status":"publish","type":"post","link":"https:\/\/chacosintesis.com.ar\/index.php\/netflix-confirmo-la-tercera-temporada-de-en-el-barro-_a69989c08c331fb251845162c\/","title":{"rendered":"Netflix confirm\u00f3 la tercera temporada de \u201cEn el Barro"},"content":{"rendered":"<p><\/p>\n<div itemprop=\"articleBody\">\n<p><a rel=\"noopener nofollow\" href=\"https:\/\/es.wikipedia.org\/wiki\/Noticias_Argentinas\" target=\"_blank\">Buenos Aires, 20 febrero (NA)<\/a> \u2013 <span>A pocos d\u00edas del estreno de su segunda entrega, <strong>Netflix confirm\u00f3 que <\/strong><\/span><i><span><strong>En el barro<\/strong><\/span><\/i><span><strong> tendr\u00e1 una tercera temporada.<\/strong>\u00a0<\/span><\/p>\n<p><span>Seg\u00fan pudo confirmar la <\/span><a href=\"\/\"><span><strong>Agencia Noticias Argentinas<\/strong><\/span><\/a><span>, la producci\u00f3n continuar\u00e1 explorando la historia de las presas de La Quebrada y expandiendo el universo carcelario femenino que conquist\u00f3 a audiencias en todo el mundo.<\/span><\/p>\n<p style=\"--ipspy: __IP__;color: __IP__;text-decoration: __IP__;\" alt=\"__IP__\" data-ipspy=\"__IP__\" title=\"__IP__\"><span>Desde su estreno el 13 de febrero, la segunda temporada de <\/span><i><span>En el barro<\/span><\/i><span> se posicion\u00f3 en el <strong>puesto #1<\/strong> del Top 10 Semanal en Argentina y logr\u00f3 ubicarse en el Top 10 en pa\u00edses de Am\u00e9rica y Europa como Espa\u00f1a, Uruguay, Chile, Bolivia y Paraguay. Adem\u00e1s, ingres\u00f3 al Top 10 Global semanal de Netflix en el <strong>puesto #6<\/strong> de series de habla no inglesa, con 2.5 millones de visualizaciones en todo el mundo.<\/span><span style=\"opacity: 0;\" data-nosnippet=\"\">__IP__<\/span><\/p>\n<p><tadevel-ad  class=\"block-4d\" slot-id=\"article-inline-01\"\/><\/p>\n<figure class=\"multimedia\" data-tadevel-template=\"web\/multimedia\" data-type=\"photo\">\n<div class=\"content\">\n<div class=\"sizer\" data-sizer=\"aspect-ratio\" data-tadevel-template=\"web\/aspect-ratio\" style=\"--aspect-ratio:100%;\"><picture data-tadevel-template=\"web\/picture\"><\/source><\/picture><\/div>\n<\/div>\n<\/figure>\n<p>La segunda temporada, ya disponible en el servicio, retoma la historia en una Quebrada transformada. Gladys, \u201cLa Borges\u201d (Ana Garibaldi), regresa al penal y se enfrenta a un territorio dominado por nuevas bandas y nuevas formas de organizaci\u00f3n que imponen sus propias reglas. En un ecosistema liderado por la temible Gringa Casares (Ver\u00f3nica Llin\u00e1s), deber\u00e1 forjar alianzas inesperadas \u2014entre ellas con Nicole (Eugenia \u201cChina\u201d Su\u00e1rez)\u2014 y apoyarse en las \u201cEmbarradas\u201d y la Zurda (Lorena Vega) para sobrevivir y proteger a los suyos.<\/p>\n<p><tadevel-ad  class=\"block-4d\" slot-id=\"article-inline-02\"\/><\/p>\n<p><span>Protagonizada por <strong>Ana Garibaldi<\/strong> y <strong>Eugenia Su\u00e1rez<\/strong>, la serie cuenta adem\u00e1s con un destacado elenco integrado por <strong>Lorena Vega<\/strong>, <strong>Julieta Ortega<\/strong>, <strong>Carolina Ram\u00edrez<\/strong>, <strong>\u00c9rika de Sautu Riestra<\/strong>, <strong>Camila Peralta<\/strong> e <strong>In\u00e9s Est\u00e9vez<\/strong>. La temporada incluye tambi\u00e9n la actuaci\u00f3n especial de <strong>Ver\u00f3nica Llin\u00e1s<\/strong>, participaciones especiales de <strong>Victorio D\u2019Alessandro<\/strong>, <strong>Osmar N\u00fa\u00f1ez<\/strong>, <strong>L-Gante<\/strong>, <strong>Pablo Rago<\/strong> y <strong>Juan Minuj\u00edn<\/strong> y la participaci\u00f3n de <strong>Gerardo Romano<\/strong> como actor invitado. <\/span><a href=\"\/-agenciana_t6916e70a4551e78eb9423f59\"><span>#AgenciaNA<\/span><\/a><span>\u00a0<\/span><\/p>\n<\/div>\n<p><img decoding=\"async\" src=\"data:image\/gif;base64,R0lGODlhAQABAIAAAAAAAP\/\/\/ywAAAAAAQABAAACAUwAOw==\" fifu-lazy=\"1\" fifu-data-sizes=\"auto\" fifu-data-srcset=\"https:\/\/i2.wp.com\/chacosintesis.com.ar\/wp-content\/uploads\/2026\/02\/Netflix-confirmo-la-tercera-temporada-de-En-el-Barro.jpeg?ssl=1&w=75&resize=75&ssl=1 75w, https:\/\/i2.wp.com\/chacosintesis.com.ar\/wp-content\/uploads\/2026\/02\/Netflix-confirmo-la-tercera-temporada-de-En-el-Barro.jpeg?ssl=1&w=100&resize=100&ssl=1 100w, https:\/\/i2.wp.com\/chacosintesis.com.ar\/wp-content\/uploads\/2026\/02\/Netflix-confirmo-la-tercera-temporada-de-En-el-Barro.jpeg?ssl=1&w=150&resize=150&ssl=1 150w, https:\/\/i2.wp.com\/chacosintesis.com.ar\/wp-content\/uploads\/2026\/02\/Netflix-confirmo-la-tercera-temporada-de-En-el-Barro.jpeg?ssl=1&w=240&resize=240&ssl=1 240w, https:\/\/i2.wp.com\/chacosintesis.com.ar\/wp-content\/uploads\/2026\/02\/Netflix-confirmo-la-tercera-temporada-de-En-el-Barro.jpeg?ssl=1&w=320&resize=320&ssl=1 320w, https:\/\/i2.wp.com\/chacosintesis.com.ar\/wp-content\/uploads\/2026\/02\/Netflix-confirmo-la-tercera-temporada-de-En-el-Barro.jpeg?ssl=1&w=500&resize=500&ssl=1 500w, https:\/\/i2.wp.com\/chacosintesis.com.ar\/wp-content\/uploads\/2026\/02\/Netflix-confirmo-la-tercera-temporada-de-En-el-Barro.jpeg?ssl=1&w=640&resize=640&ssl=1 640w, https:\/\/i2.wp.com\/chacosintesis.com.ar\/wp-content\/uploads\/2026\/02\/Netflix-confirmo-la-tercera-temporada-de-En-el-Barro.jpeg?ssl=1&w=800&resize=800&ssl=1 800w, https:\/\/i2.wp.com\/chacosintesis.com.ar\/wp-content\/uploads\/2026\/02\/Netflix-confirmo-la-tercera-temporada-de-En-el-Barro.jpeg?ssl=1&w=1024&resize=1024&ssl=1 1024w, https:\/\/i2.wp.com\/chacosintesis.com.ar\/wp-content\/uploads\/2026\/02\/Netflix-confirmo-la-tercera-temporada-de-En-el-Barro.jpeg?ssl=1&w=1280&resize=1280&ssl=1 1280w, https:\/\/i2.wp.com\/chacosintesis.com.ar\/wp-content\/uploads\/2026\/02\/Netflix-confirmo-la-tercera-temporada-de-En-el-Barro.jpeg?ssl=1&w=1600&resize=1600&ssl=1 1600w\" fifu-data-src=\"https:\/\/i2.wp.com\/chacosintesis.com.ar\/wp-content\/uploads\/2026\/02\/Netflix-confirmo-la-tercera-temporada-de-En-el-Barro.jpeg?ssl=1\"><\/p>\n<p>Noticias Argentinas<\/p>\n","protected":false},"excerpt":{"rendered":"<p>Buenos Aires, 20 febrero (NA) \u2013 A pocos d\u00edas del estreno de su segunda entrega, Netflix confirm\u00f3 que En el barro tendr\u00e1 una tercera temporada.\u00a0 Seg\u00fan pudo confirmar la Agencia Noticias Argentinas, la producci\u00f3n continuar\u00e1 explorando la historia de las presas de La Quebrada y expandiendo el universo carcelario femenino que conquist\u00f3 a audiencias en [&hellip;]<\/p>\n","protected":false},"author":1,"featured_media":205723,"comment_status":"closed","ping_status":"","sticky":false,"template":"","format":"standard","meta":{"footnotes":""},"categories":[188],"tags":[],"class_list":{"0":"post-205712","1":"post","2":"type-post","3":"status-publish","4":"format-standard","5":"has-post-thumbnail","7":"category-farandula"},"_links":{"self":[{"href":"https:\/\/chacosintesis.com.ar\/index.php\/wp-json\/wp\/v2\/posts\/205712","targetHints":{"allow":["GET"]}}],"collection":[{"href":"https:\/\/chacosintesis.com.ar\/index.php\/wp-json\/wp\/v2\/posts"}],"about":[{"href":"https:\/\/chacosintesis.com.ar\/index.php\/wp-json\/wp\/v2\/types\/post"}],"author":[{"embeddable":true,"href":"https:\/\/chacosintesis.com.ar\/index.php\/wp-json\/wp\/v2\/users\/1"}],"replies":[{"embeddable":true,"href":"https:\/\/chacosintesis.com.ar\/index.php\/wp-json\/wp\/v2\/comments?post=205712"}],"version-history":[{"count":0,"href":"https:\/\/chacosintesis.com.ar\/index.php\/wp-json\/wp\/v2\/posts\/205712\/revisions"}],"wp:featuredmedia":[{"embeddable":true,"href":"https:\/\/chacosintesis.com.ar\/index.php\/wp-json\/wp\/v2\/media\/205723"}],"wp:attachment":[{"href":"https:\/\/chacosintesis.com.ar\/index.php\/wp-json\/wp\/v2\/media?parent=205712"}],"wp:term":[{"taxonomy":"category","embeddable":true,"href":"https:\/\/chacosintesis.com.ar\/index.php\/wp-json\/wp\/v2\/categories?post=205712"},{"taxonomy":"post_tag","embeddable":true,"href":"https:\/\/chacosintesis.com.ar\/index.php\/wp-json\/wp\/v2\/tags?post=205712"}],"curies":[{"name":"wp","href":"https:\/\/api.w.org\/{rel}","templated":true}]}}