{"id":20571,"date":"2023-04-17T16:27:40","date_gmt":"2023-04-17T19:27:40","guid":{"rendered":"https:\/\/chacosintesis.com.ar\/?p=20571"},"modified":"2023-04-17T16:37:50","modified_gmt":"2023-04-17T19:37:50","slug":"mas-de-20-localidades-chaquenas-accederan-a-conexiones-de-internet-con-el-programa-mi-pueblo-conectado","status":"publish","type":"post","link":"https:\/\/chacosintesis.com.ar\/index.php\/mas-de-20-localidades-chaquenas-accederan-a-conexiones-de-internet-con-el-programa-mi-pueblo-conectado\/","title":{"rendered":"M\u00e1s de 20 localidades chaque\u00f1as acceder\u00e1n a conexiones de internet con el programa \u201cMi Pueblo Conectado\u201d"},"content":{"rendered":"<p>El objetivo de esta propuesta que se lanz\u00f3 hoy, es el de achicar la brecha digital y garantizar el acceso a los recursos digitales.<br \/>\nEl presidente Alberto Fern\u00e1ndez encabez\u00f3 este lunes el lanzamiento del programa federal Mi Pueblo Conectado, que proveer\u00e1 servicio de internet a 377 localidades que hoy no cuentan con ning\u00fan tipo de conexi\u00f3n o tienen servicios deficitarios con el objetivo de fortalecer la inclusi\u00f3n digital. De ese total, 25 son localidades del Chaco.<br \/>\nLas inversiones de conectividad en Chaco implicar\u00e1n un presupuesto de $35.645.161,29 y las localidades que se beneficiar\u00e1n con este programa son: Avia Terai, Charadai, Colonia Popular, Colonias Unidas, Corzuela, El Espinillo, El Sauzalito, Enrique Urien, Fuerte Esperanza, Gancedo, General Pinedo, General Vedia, Isla del Cerrito, Juan Jos\u00e9 Castelli, La Eduvigis, La Leonesa, Las Garcitas, Los Frentones, Miraflores, Misi\u00f3n Nueva Pompeya, Napenay, Pampa del Indio, Presidencia de la Plaza, Taco Pozo y Villa R\u00edo Bermejito<br \/>\n\u201cHoy estamos dando un paso muy importante no solamente en materia de conectividad, sino en favor de la calidad de vida de la gente. Y un paso que iguala a la sociedad argentina, porque el acceso a internet y al conocimiento no es patrimonio de unos pocos\u201d, afirm\u00f3 el mandatario acompa\u00f1ado por el jefe de Gabinete, Agust\u00edn Rossi; el ministro de Interior, Eduardo \u201cWado\u201d De Pedro; la secretaria de Innovaci\u00f3n P\u00fablica, Micaela S\u00e1nchez Malcolm; y el presidente de ARSAT, Facundo Leal.<br \/>\n\u201cEsta iniciativa es parte de esa reafirmaci\u00f3n democr\u00e1tica que todos los d\u00edas debemos dar, porque la democracia no es un juego de palabras: es animarnos a ampliar derechos. Y es tambi\u00e9n atender lo que el pueblo necesita. Porque este a\u00f1o, que se cumplen 40 a\u00f1os de democracia, llevar internet es democratizar a la sociedad\u201d, afirm\u00f3.<br \/>\nY agreg\u00f3: \u201cAunque hayamos creado 1 mill\u00f3n y medio de trabajos informales, 600 mil puestos de trabajo registrado, aunque llevemos 30 meses consecutivos de crecimiento de trabajo registrado, hay problemas que nos quedan por resolver y que nos preocupan\u201d.  En ese sentido afirm\u00f3 que la inflaci\u00f3n se trata de \u201cun problema del mundo entero\u201d, que junto a otros Presidentes de Am\u00e9rica Latina \u201cnos planteamos el problema que tenemos todos para ver si podemos resolverlo como regi\u00f3n\u201d.<br \/>\nAdem\u00e1s, el jefe de Estado resalt\u00f3 que \u201cen INVAP se concentra la m\u00e1s alta calidad cient\u00edfica que la Argentina tiene en materia de desarrollo tecnol\u00f3gico. Ac\u00e1 se est\u00e1 construyendo el tercer sat\u00e9lite que vamos a poner en \u00f3rbita, esta vez desde Bah\u00eda Blanca\u201d, y subray\u00f3 que \u201cpusimos un sat\u00e9lite en \u00f3rbita en plena pandemia. Sin esos sat\u00e9lites nosotros no podr\u00edamos pensar en hacer un programa como \u00e9ste para llevar internet a los peque\u00f1os pueblos\u201d.<br \/>\nEn ese marco remarc\u00f3 la importancia de \u201cponer en valor lo que el Estado representa para esas comunidades aisladas que tiene la Argentina y para reflexionar sobre lo que debemos hacer para llevar igualdad a todos los rincones\u201d.<br \/>\nMi Pueblo Conectado busca garantizar acceso a la conectividad satelital y a recursos digitales para fortalecer a los gobiernos locales de forma progresiva y con l\u00edneas de trabajo federal realizados por la ARSAT y la Secretar\u00eda de Innovaci\u00f3n P\u00fablica a trav\u00e9s de una inversi\u00f3n en nuevas tecnolog\u00edas superior a los 761 millones de pesos.<br \/>\nEl jefe de Gabinete sostuvo que \u201cesta pol\u00edtica que tiene como objetivo achicar la brecha digital ha involucrado el trabajo articulado de distintas \u00e1reas del Gobierno detr\u00e1s de un proyecto fuertemente federal que apunta a que cada una de estas localidades que est\u00e1n desparramadas a lo largo del territorio se sientan m\u00e1s participes de la construcci\u00f3n de la Argentina\u201d.<br \/>\n\u201cA esos habitantes de los pueblos chicos, de gesto antiguo, de gente que da la mano y que brilla el sol est\u00e1 dedicada a este programa\u201d, expres\u00f3 Rossi, haciendo referencia a una canci\u00f3n del m\u00fasico y poeta bonaerense Hamlet Lima Quintana.<br \/>\nPor su parte, el ministro de Pedro resalt\u00f3 que \u201ccon esta inversi\u00f3n del Estado nacional, vamos a poder incluir a muchos pibes y a muchas pibas que est\u00e1n desconectados para poder ser parte de esta conexi\u00f3n digital\u201d y a\u00f1adi\u00f3: \u201cARSAT siempre fue un emblema de esa Argentina que so\u00f1amos, y es muy bueno poner en valor la continuidad de las pol\u00edticas p\u00fablicas que, despu\u00e9s de haber iluminado la mayor\u00eda de las ciudades argentinas, est\u00e1n llevando conectividad e internet a 377 rincones de nuestra hermosa Patria\u201d.<br \/>\nEl objetivo del programa es revertir el grado de vulnerabilidad de infraestructura de telecomunicaciones posibilitando soluciones de conectividad a pueblos y localidades que fueron seleccionadas a partir del \u00cdndice Federal de Inequidad Territorial (IFIT) del Observatorio Municipal, dependiente de la Subsecretar\u00eda de Relaciones Municipales del Ministerio del Interior.<br \/>\nLa secretaria S\u00e1nchez Malcolm precis\u00f3 que, \u201ccon el principal objetivo de seguir trabajando en la reducci\u00f3n de brechas de acceso y de uso para poder garantizar conectividad para todas y todos los argentinos, este programa estima llegar a m\u00e1s de 3 millones y medio de personas\u201d, y a\u00f1adi\u00f3 que \u201cla democracia es tambi\u00e9n el derecho a expresarnos y a tener conectividad, y por eso Mi Pueblo Conectado es tambi\u00e9n la punta de lanza para poder garantizar m\u00e1s derechos para todos y todas\u201d.<br \/>\nA su vez, el titular de ARSAT se\u00f1al\u00f3 que, como parte de este Gobierno, la compa\u00f1\u00eda p\u00fablica \u201ctrabaja todos los d\u00edas para lograr achicar y democratizar la brecha digital. La conectividad es un derecho para todos y todas, y la ruralidad debe tener las mismas condiciones que aquellos que vivimos en los grandes centros urbanos\u201d.<br \/>\nEn representaci\u00f3n del Chaco estuvo presente el presidente de ECOM CHACO S.A. Tambi\u00e9n estuvieron: la secretaria Legal y T\u00e9cnica, Vilma Ibarra; el secretario general de la Presidencia, Julio Vitobello; el titular del ENACOM, Claudio Ambrosini y la titular de AySA, Malena Galmarini.<\/p>\n","protected":false},"excerpt":{"rendered":"<p>El objetivo de esta propuesta que se lanz\u00f3 hoy, es el de achicar la brecha digital y garantizar el acceso a los recursos digitales. El presidente Alberto Fern\u00e1ndez encabez\u00f3 este lunes el lanzamiento del programa federal Mi Pueblo Conectado, que proveer\u00e1 servicio de internet a 377 localidades que hoy no cuentan con ning\u00fan tipo de [&hellip;]<\/p>\n","protected":false},"author":1,"featured_media":20572,"comment_status":"closed","ping_status":"closed","sticky":false,"template":"","format":"standard","meta":{"footnotes":""},"categories":[6],"tags":[],"class_list":{"0":"post-20571","1":"post","2":"type-post","3":"status-publish","4":"format-standard","5":"has-post-thumbnail","7":"category-chaco"},"_links":{"self":[{"href":"https:\/\/chacosintesis.com.ar\/index.php\/wp-json\/wp\/v2\/posts\/20571","targetHints":{"allow":["GET"]}}],"collection":[{"href":"https:\/\/chacosintesis.com.ar\/index.php\/wp-json\/wp\/v2\/posts"}],"about":[{"href":"https:\/\/chacosintesis.com.ar\/index.php\/wp-json\/wp\/v2\/types\/post"}],"author":[{"embeddable":true,"href":"https:\/\/chacosintesis.com.ar\/index.php\/wp-json\/wp\/v2\/users\/1"}],"replies":[{"embeddable":true,"href":"https:\/\/chacosintesis.com.ar\/index.php\/wp-json\/wp\/v2\/comments?post=20571"}],"version-history":[{"count":0,"href":"https:\/\/chacosintesis.com.ar\/index.php\/wp-json\/wp\/v2\/posts\/20571\/revisions"}],"wp:featuredmedia":[{"embeddable":true,"href":"https:\/\/chacosintesis.com.ar\/index.php\/wp-json\/wp\/v2\/media\/20572"}],"wp:attachment":[{"href":"https:\/\/chacosintesis.com.ar\/index.php\/wp-json\/wp\/v2\/media?parent=20571"}],"wp:term":[{"taxonomy":"category","embeddable":true,"href":"https:\/\/chacosintesis.com.ar\/index.php\/wp-json\/wp\/v2\/categories?post=20571"},{"taxonomy":"post_tag","embeddable":true,"href":"https:\/\/chacosintesis.com.ar\/index.php\/wp-json\/wp\/v2\/tags?post=20571"}],"curies":[{"name":"wp","href":"https:\/\/api.w.org\/{rel}","templated":true}]}}