{"id":2057,"date":"2019-02-07T23:10:26","date_gmt":"2019-02-08T02:10:26","guid":{"rendered":"https:\/\/chacosintesis.com.ar\/2019\/02\/07\/martin-baez-se-presento-en-los-tribunales-y-quedo-detenido\/"},"modified":"2019-02-08T03:00:06","modified_gmt":"2019-02-08T06:00:06","slug":"martin-baez-se-presento-en-los-tribunales-y-quedo-detenido","status":"publish","type":"post","link":"https:\/\/chacosintesis.com.ar\/index.php\/martin-baez-se-presento-en-los-tribunales-y-quedo-detenido\/","title":{"rendered":"Mart\u00edn Ba\u00e9z se present\u00f3 en los Tribunales y qued\u00f3 detenido"},"content":{"rendered":"<p>Mart\u00edn Ba\u00e9z se present\u00f3 en los Tribunales y qued\u00f3 detenido<br \/>\n<br \/>\n<img decoding=\"async\" src=\"data:image\/gif;base64,R0lGODlhAQABAIAAAAAAAP\/\/\/ywAAAAAAQABAAACAUwAOw==\" fifu-lazy=\"1\" fifu-data-sizes=\"auto\" fifu-data-srcset=\"https:\/\/i3.wp.com\/www.rionegro.com.ar\/binrepository\/970x546\/0c0\/0d0\/none\/12350\/VTNE\/image_content_10553319_20190207225921.jpg?ssl=1&w=75&resize=75&ssl=1 75w, https:\/\/i3.wp.com\/www.rionegro.com.ar\/binrepository\/970x546\/0c0\/0d0\/none\/12350\/VTNE\/image_content_10553319_20190207225921.jpg?ssl=1&w=100&resize=100&ssl=1 100w, https:\/\/i3.wp.com\/www.rionegro.com.ar\/binrepository\/970x546\/0c0\/0d0\/none\/12350\/VTNE\/image_content_10553319_20190207225921.jpg?ssl=1&w=150&resize=150&ssl=1 150w, https:\/\/i3.wp.com\/www.rionegro.com.ar\/binrepository\/970x546\/0c0\/0d0\/none\/12350\/VTNE\/image_content_10553319_20190207225921.jpg?ssl=1&w=240&resize=240&ssl=1 240w, https:\/\/i3.wp.com\/www.rionegro.com.ar\/binrepository\/970x546\/0c0\/0d0\/none\/12350\/VTNE\/image_content_10553319_20190207225921.jpg?ssl=1&w=320&resize=320&ssl=1 320w, https:\/\/i3.wp.com\/www.rionegro.com.ar\/binrepository\/970x546\/0c0\/0d0\/none\/12350\/VTNE\/image_content_10553319_20190207225921.jpg?ssl=1&w=500&resize=500&ssl=1 500w, https:\/\/i3.wp.com\/www.rionegro.com.ar\/binrepository\/970x546\/0c0\/0d0\/none\/12350\/VTNE\/image_content_10553319_20190207225921.jpg?ssl=1&w=640&resize=640&ssl=1 640w, https:\/\/i3.wp.com\/www.rionegro.com.ar\/binrepository\/970x546\/0c0\/0d0\/none\/12350\/VTNE\/image_content_10553319_20190207225921.jpg?ssl=1&w=800&resize=800&ssl=1 800w, https:\/\/i3.wp.com\/www.rionegro.com.ar\/binrepository\/970x546\/0c0\/0d0\/none\/12350\/VTNE\/image_content_10553319_20190207225921.jpg?ssl=1&w=1024&resize=1024&ssl=1 1024w, https:\/\/i3.wp.com\/www.rionegro.com.ar\/binrepository\/970x546\/0c0\/0d0\/none\/12350\/VTNE\/image_content_10553319_20190207225921.jpg?ssl=1&w=1280&resize=1280&ssl=1 1280w, https:\/\/i3.wp.com\/www.rionegro.com.ar\/binrepository\/970x546\/0c0\/0d0\/none\/12350\/VTNE\/image_content_10553319_20190207225921.jpg?ssl=1&w=1600&resize=1600&ssl=1 1600w\" fifu-data-src=\"https:\/\/i3.wp.com\/www.rionegro.com.ar\/binrepository\/970x546\/0c0\/0d0\/none\/12350\/VTNE\/image_content_10553319_20190207225921.jpg?ssl=1\"><\/p>\n<p>Tal como ped\u00eda la fiscal\u00eda, Mart\u00edn B\u00e1ez qued\u00f3 detenido con prisi\u00f3n preventiva por orden del Tribunal Oral Federal 2 de Buenos Aires en la causa en la que se lo investiga por lavado de dinero. B\u00e1ez, hijo mayor del empresario L\u00e1zaro B\u00e1ez, viol\u00f3 la inhibici\u00f3n que le hab\u00eda impuesto la justicia al movilizar al menos 5 millones de d\u00f3lares de cuentas bancarias embargadas en el exterior. <\/p>\n<p>El tribunal federal sostuvo que la libertad de B\u00e1ez puede poner en peligro \u201cel recupero de los bienes que fueron el producto de los il\u00edcitos que se encuentran involucrados en el juicio oral y p\u00fablico\u201d.<\/p>\n<p>El mi\u00e9rcoles, B\u00e1ez se hab\u00eda ausentado en el reinicio del juicio por lavado de dinero que se le sigue a \u00e9l, a sus tres hermanos y a su padre, entre otros, a pesar de estar notificado.<\/p>\n<p>B\u00e1ez lleg\u00f3 ayer por a ma\u00f1ana a Buenos Aires procedente de R\u00edo Gallegos y se present\u00f3 en los tribunales federales de Comodoro Py a las 7.20, 40 minutos antes de que venciera el plazo que le hab\u00eda impuesto el tribunal. <\/p>\n<p>El fiscal C\u00f3rdoba dijo que se logr\u00f3 determinar que en las cuentas en el exterior de los B\u00e1ez lleg\u00f3 a haber 10.000.000 de d\u00f3lares, pero que se fugaron US$ 5.500.000. \u201cEl continuo y avezado manejo remoto de fondos en el exterior, instrumentado mediante sociedades y cuentas en constante transformaci\u00f3n, con que Mart\u00edn Antonio B\u00e1ez ha continuado, no ha sido ni ser\u00e1 evitado por la sola orden de que permanezca en determinado domicilio, por lo que se impone la necesidad de la implementaci\u00f3n de la prisi\u00f3n preventiva\u201d, hab\u00eda reclamado el fiscal.<\/p>\n<p>Fuente: rionergo argentina<\/p>\n","protected":false},"excerpt":{"rendered":"<p>Mart\u00edn Ba\u00e9z se present\u00f3 en los Tribunales y qued\u00f3 detenido Tal como ped\u00eda la fiscal\u00eda, Mart\u00edn B\u00e1ez qued\u00f3 detenido con prisi\u00f3n preventiva por orden del Tribunal Oral Federal 2 de Buenos Aires en la causa en la que se lo investiga por lavado de dinero. B\u00e1ez, hijo mayor del empresario L\u00e1zaro B\u00e1ez, viol\u00f3 la inhibici\u00f3n [&hellip;]<\/p>\n","protected":false},"author":1,"featured_media":2058,"comment_status":"false","ping_status":"open","sticky":false,"template":"","format":"standard","meta":{"footnotes":""},"categories":[8],"tags":[167],"class_list":{"0":"post-2057","1":"post","2":"type-post","3":"status-publish","4":"format-standard","5":"has-post-thumbnail","7":"category-nacionales","8":"tag-work"},"_links":{"self":[{"href":"https:\/\/chacosintesis.com.ar\/index.php\/wp-json\/wp\/v2\/posts\/2057","targetHints":{"allow":["GET"]}}],"collection":[{"href":"https:\/\/chacosintesis.com.ar\/index.php\/wp-json\/wp\/v2\/posts"}],"about":[{"href":"https:\/\/chacosintesis.com.ar\/index.php\/wp-json\/wp\/v2\/types\/post"}],"author":[{"embeddable":true,"href":"https:\/\/chacosintesis.com.ar\/index.php\/wp-json\/wp\/v2\/users\/1"}],"replies":[{"embeddable":true,"href":"https:\/\/chacosintesis.com.ar\/index.php\/wp-json\/wp\/v2\/comments?post=2057"}],"version-history":[{"count":0,"href":"https:\/\/chacosintesis.com.ar\/index.php\/wp-json\/wp\/v2\/posts\/2057\/revisions"}],"wp:featuredmedia":[{"embeddable":true,"href":"https:\/\/chacosintesis.com.ar\/index.php\/wp-json\/wp\/v2\/media\/2058"}],"wp:attachment":[{"href":"https:\/\/chacosintesis.com.ar\/index.php\/wp-json\/wp\/v2\/media?parent=2057"}],"wp:term":[{"taxonomy":"category","embeddable":true,"href":"https:\/\/chacosintesis.com.ar\/index.php\/wp-json\/wp\/v2\/categories?post=2057"},{"taxonomy":"post_tag","embeddable":true,"href":"https:\/\/chacosintesis.com.ar\/index.php\/wp-json\/wp\/v2\/tags?post=2057"}],"curies":[{"name":"wp","href":"https:\/\/api.w.org\/{rel}","templated":true}]}}