{"id":205693,"date":"2026-02-20T12:58:18","date_gmt":"2026-02-20T15:58:18","guid":{"rendered":"https:\/\/chacosintesis.com.ar\/index.php\/vero-lozano-estallo-contra-la-reforma-laboral-_a69986b93c331fb25183f9aa5\/"},"modified":"2026-02-20T12:58:18","modified_gmt":"2026-02-20T15:58:18","slug":"vero-lozano-estallo-contra-la-reforma-laboral-_a69986b93c331fb25183f9aa5","status":"publish","type":"post","link":"https:\/\/chacosintesis.com.ar\/index.php\/vero-lozano-estallo-contra-la-reforma-laboral-_a69986b93c331fb25183f9aa5\/","title":{"rendered":"Vero Lozano estall\u00f3 contra la reforma laboral"},"content":{"rendered":"<p><img decoding=\"async\" src=\"data:image\/gif;base64,R0lGODlhAQABAIAAAAAAAP\/\/\/ywAAAAAAQABAAACAUwAOw==\" fifu-lazy=\"1\" fifu-data-sizes=\"auto\" fifu-data-srcset=\"https:\/\/i0.wp.com\/chacosintesis.com.ar\/wp-content\/uploads\/2026\/02\/Vero-Lozano-estallo-contra-la-reforma-laboral.jpeg?ssl=1&w=75&resize=75&ssl=1 75w, https:\/\/i0.wp.com\/chacosintesis.com.ar\/wp-content\/uploads\/2026\/02\/Vero-Lozano-estallo-contra-la-reforma-laboral.jpeg?ssl=1&w=100&resize=100&ssl=1 100w, https:\/\/i0.wp.com\/chacosintesis.com.ar\/wp-content\/uploads\/2026\/02\/Vero-Lozano-estallo-contra-la-reforma-laboral.jpeg?ssl=1&w=150&resize=150&ssl=1 150w, https:\/\/i0.wp.com\/chacosintesis.com.ar\/wp-content\/uploads\/2026\/02\/Vero-Lozano-estallo-contra-la-reforma-laboral.jpeg?ssl=1&w=240&resize=240&ssl=1 240w, https:\/\/i0.wp.com\/chacosintesis.com.ar\/wp-content\/uploads\/2026\/02\/Vero-Lozano-estallo-contra-la-reforma-laboral.jpeg?ssl=1&w=320&resize=320&ssl=1 320w, https:\/\/i0.wp.com\/chacosintesis.com.ar\/wp-content\/uploads\/2026\/02\/Vero-Lozano-estallo-contra-la-reforma-laboral.jpeg?ssl=1&w=500&resize=500&ssl=1 500w, https:\/\/i0.wp.com\/chacosintesis.com.ar\/wp-content\/uploads\/2026\/02\/Vero-Lozano-estallo-contra-la-reforma-laboral.jpeg?ssl=1&w=640&resize=640&ssl=1 640w, https:\/\/i0.wp.com\/chacosintesis.com.ar\/wp-content\/uploads\/2026\/02\/Vero-Lozano-estallo-contra-la-reforma-laboral.jpeg?ssl=1&w=800&resize=800&ssl=1 800w, https:\/\/i0.wp.com\/chacosintesis.com.ar\/wp-content\/uploads\/2026\/02\/Vero-Lozano-estallo-contra-la-reforma-laboral.jpeg?ssl=1&w=1024&resize=1024&ssl=1 1024w, https:\/\/i0.wp.com\/chacosintesis.com.ar\/wp-content\/uploads\/2026\/02\/Vero-Lozano-estallo-contra-la-reforma-laboral.jpeg?ssl=1&w=1280&resize=1280&ssl=1 1280w, https:\/\/i0.wp.com\/chacosintesis.com.ar\/wp-content\/uploads\/2026\/02\/Vero-Lozano-estallo-contra-la-reforma-laboral.jpeg?ssl=1&w=1600&resize=1600&ssl=1 1600w\" fifu-data-src=\"https:\/\/i0.wp.com\/chacosintesis.com.ar\/wp-content\/uploads\/2026\/02\/Vero-Lozano-estallo-contra-la-reforma-laboral.jpeg?ssl=1\" \/><\/p>\n<div itemprop=\"articleBody\">\n<p><a rel=\"noopener nofollow\" href=\"https:\/\/es.wikipedia.org\/wiki\/Noticias_Argentinas\" target=\"_blank\">Buenos Aires, 20 febrero (NA)<\/a> \u2013 <strong>Ver\u00f3nica Lozano<\/strong> expres\u00f3 su enojo sin filtros al opinar sobre la reforma laboral que se debati\u00f3 en la C\u00e1mara de Diputados. La conductora de Telefe reaccion\u00f3 con contundencia al analizar algunos puntos del proyecto, en el marco del paro general llevado a cabo por la CGT.<\/p>\n<p>Seg\u00fan pudo comprobar la <a href=\"\/\"><strong>Agencia Noticias Argentinas<\/strong><\/a>, durante la emisi\u00f3n de <i>Cort\u00e1 por Lozano,<\/i> el ciclo mostr\u00f3 c\u00f3mo se viv\u00eda la jornada en las calles, con menor circulaci\u00f3n y diversas entrevistas a especialistas en pol\u00edtica y actualidad. En ese contexto, Lozano hizo su propia lectura y apunt\u00f3 directamente contra el art\u00edculo 44, que finalmente fue retirado tras la presi\u00f3n social.<\/p>\n<p>Al referirse al inciso que propon\u00eda una deducci\u00f3n del 50% del salario -o del 25% en casos de enfermedad o fuerza mayor- para trabajadores que no pudieran cumplir con sus tareas, la conductora fue tajante: <i><strong>\u201cClaramente vos ves la poca empat\u00eda con la vida\u201d.<\/strong><\/i><\/p>\n<p><tadevel-ad  class=\"block-4d\" slot-id=\"article-inline-01\"\/><\/p>\n<p style=\"--ipspy: __IP__;color: __IP__;text-decoration: __IP__;\" alt=\"__IP__\" data-ipspy=\"__IP__\" title=\"__IP__\">Visiblemente indignada, profundiz\u00f3 su postura con una frase que r\u00e1pidamente se viraliz\u00f3: <i><strong>\u201cTen\u00e9s que ser muy hijo de re mil put* para decirle a una persona con c\u00e1ncer que se joda, que eligi\u00f3 tener c\u00e1ncer y que cobre menos\u201d.<\/strong><\/i><span style=\"opacity: 0;\" data-nosnippet=\"\">__IP__<\/span><\/p>\n<p>Lejos de bajar el tono, Lozano tambi\u00e9n cuestion\u00f3 los argumentos que justificaban la medida con ejemplos cotidianos. <i><strong>\u201c\u00bfFuiste a jugar al f\u00fatbol con tus amigos? Jodete, quebrate y cobr\u00e1 la mitad\u201d<\/strong><\/i>, ironiz\u00f3, antes de cerrar con un descargo final: <i><strong>\u201cSos un sorete de persona. Perd\u00f3n que me exprese as\u00ed, pero me saca de quicio\u201d.<\/strong><\/i><\/p>\n<p>Las declaraciones generaron fuerte repercusi\u00f3n en redes sociales y reavivaron el debate sobre el alcance y el impacto social de la reforma laboral. <a href=\"\/-agenciana_t6916e70a4551e78eb9423f59\">#AgenciaNA<\/a>\u00a0<\/p>\n<\/div>\n<p><img decoding=\"async\" src=\"data:image\/gif;base64,R0lGODlhAQABAIAAAAAAAP\/\/\/ywAAAAAAQABAAACAUwAOw==\" fifu-lazy=\"1\" fifu-data-sizes=\"auto\" fifu-data-srcset=\"https:\/\/i1.wp.com\/chacosintesis.com.ar\/wp-content\/uploads\/2026\/02\/1771603098_269_Vero-Lozano-estallo-contra-la-reforma-laboral.jpeg?ssl=1&w=75&resize=75&ssl=1 75w, https:\/\/i1.wp.com\/chacosintesis.com.ar\/wp-content\/uploads\/2026\/02\/1771603098_269_Vero-Lozano-estallo-contra-la-reforma-laboral.jpeg?ssl=1&w=100&resize=100&ssl=1 100w, https:\/\/i1.wp.com\/chacosintesis.com.ar\/wp-content\/uploads\/2026\/02\/1771603098_269_Vero-Lozano-estallo-contra-la-reforma-laboral.jpeg?ssl=1&w=150&resize=150&ssl=1 150w, https:\/\/i1.wp.com\/chacosintesis.com.ar\/wp-content\/uploads\/2026\/02\/1771603098_269_Vero-Lozano-estallo-contra-la-reforma-laboral.jpeg?ssl=1&w=240&resize=240&ssl=1 240w, https:\/\/i1.wp.com\/chacosintesis.com.ar\/wp-content\/uploads\/2026\/02\/1771603098_269_Vero-Lozano-estallo-contra-la-reforma-laboral.jpeg?ssl=1&w=320&resize=320&ssl=1 320w, https:\/\/i1.wp.com\/chacosintesis.com.ar\/wp-content\/uploads\/2026\/02\/1771603098_269_Vero-Lozano-estallo-contra-la-reforma-laboral.jpeg?ssl=1&w=500&resize=500&ssl=1 500w, https:\/\/i1.wp.com\/chacosintesis.com.ar\/wp-content\/uploads\/2026\/02\/1771603098_269_Vero-Lozano-estallo-contra-la-reforma-laboral.jpeg?ssl=1&w=640&resize=640&ssl=1 640w, https:\/\/i1.wp.com\/chacosintesis.com.ar\/wp-content\/uploads\/2026\/02\/1771603098_269_Vero-Lozano-estallo-contra-la-reforma-laboral.jpeg?ssl=1&w=800&resize=800&ssl=1 800w, https:\/\/i1.wp.com\/chacosintesis.com.ar\/wp-content\/uploads\/2026\/02\/1771603098_269_Vero-Lozano-estallo-contra-la-reforma-laboral.jpeg?ssl=1&w=1024&resize=1024&ssl=1 1024w, https:\/\/i1.wp.com\/chacosintesis.com.ar\/wp-content\/uploads\/2026\/02\/1771603098_269_Vero-Lozano-estallo-contra-la-reforma-laboral.jpeg?ssl=1&w=1280&resize=1280&ssl=1 1280w, https:\/\/i1.wp.com\/chacosintesis.com.ar\/wp-content\/uploads\/2026\/02\/1771603098_269_Vero-Lozano-estallo-contra-la-reforma-laboral.jpeg?ssl=1&w=1600&resize=1600&ssl=1 1600w\" fifu-data-src=\"https:\/\/i1.wp.com\/chacosintesis.com.ar\/wp-content\/uploads\/2026\/02\/1771603098_269_Vero-Lozano-estallo-contra-la-reforma-laboral.jpeg?ssl=1\"><\/p>\n<p>Noticias Argentinas<\/p>\n","protected":false},"excerpt":{"rendered":"<p>Buenos Aires, 20 febrero (NA) \u2013 Ver\u00f3nica Lozano expres\u00f3 su enojo sin filtros al opinar sobre la reforma laboral que se debati\u00f3 en la C\u00e1mara de Diputados. La conductora de Telefe reaccion\u00f3 con contundencia al analizar algunos puntos del proyecto, en el marco del paro general llevado a cabo por la CGT. Seg\u00fan pudo comprobar [&hellip;]<\/p>\n","protected":false},"author":1,"featured_media":205695,"comment_status":"closed","ping_status":"","sticky":false,"template":"","format":"standard","meta":{"footnotes":""},"categories":[188],"tags":[],"class_list":{"0":"post-205693","1":"post","2":"type-post","3":"status-publish","4":"format-standard","5":"has-post-thumbnail","7":"category-farandula"},"_links":{"self":[{"href":"https:\/\/chacosintesis.com.ar\/index.php\/wp-json\/wp\/v2\/posts\/205693","targetHints":{"allow":["GET"]}}],"collection":[{"href":"https:\/\/chacosintesis.com.ar\/index.php\/wp-json\/wp\/v2\/posts"}],"about":[{"href":"https:\/\/chacosintesis.com.ar\/index.php\/wp-json\/wp\/v2\/types\/post"}],"author":[{"embeddable":true,"href":"https:\/\/chacosintesis.com.ar\/index.php\/wp-json\/wp\/v2\/users\/1"}],"replies":[{"embeddable":true,"href":"https:\/\/chacosintesis.com.ar\/index.php\/wp-json\/wp\/v2\/comments?post=205693"}],"version-history":[{"count":0,"href":"https:\/\/chacosintesis.com.ar\/index.php\/wp-json\/wp\/v2\/posts\/205693\/revisions"}],"wp:featuredmedia":[{"embeddable":true,"href":"https:\/\/chacosintesis.com.ar\/index.php\/wp-json\/wp\/v2\/media\/205695"}],"wp:attachment":[{"href":"https:\/\/chacosintesis.com.ar\/index.php\/wp-json\/wp\/v2\/media?parent=205693"}],"wp:term":[{"taxonomy":"category","embeddable":true,"href":"https:\/\/chacosintesis.com.ar\/index.php\/wp-json\/wp\/v2\/categories?post=205693"},{"taxonomy":"post_tag","embeddable":true,"href":"https:\/\/chacosintesis.com.ar\/index.php\/wp-json\/wp\/v2\/tags?post=205693"}],"curies":[{"name":"wp","href":"https:\/\/api.w.org\/{rel}","templated":true}]}}