{"id":205688,"date":"2026-02-20T12:55:56","date_gmt":"2026-02-20T15:55:56","guid":{"rendered":"https:\/\/chacosintesis.com.ar\/index.php\/baja-de-imputabilidad-reforma-laboral-y-ley-de-glaciares-el-senado-se-prepara-para-una-semana-clave\/"},"modified":"2026-02-20T12:55:56","modified_gmt":"2026-02-20T15:55:56","slug":"baja-de-imputabilidad-reforma-laboral-y-ley-de-glaciares-el-senado-se-prepara-para-una-semana-clave","status":"publish","type":"post","link":"https:\/\/chacosintesis.com.ar\/index.php\/baja-de-imputabilidad-reforma-laboral-y-ley-de-glaciares-el-senado-se-prepara-para-una-semana-clave\/","title":{"rendered":"Baja de imputabilidad, reforma laboral y ley de Glaciares: el Senado se prepara para una semana clave"},"content":{"rendered":"<p><\/p>\n<div id=\"post-2190092\">\n<div class=\"entry-content\">\n<aside class=\"scaip scaip-1    \">\n\t\t<\/aside>\n<p>Tras la aprobaci\u00f3n de la reforma laboral en la <strong>C\u00e1mara de Diputados de la Naci\u00f3n Argentina<\/strong>, el <strong>Senado <\/strong>se encamina a convertir en ley los principales proyectos impulsados por el presidente <strong>Javier Milei<\/strong> en el marco de las sesiones extraordinarias. Entre jueves y viernes de la pr\u00f3xima semana, el oficialismo buscar\u00e1 sancionar en forma definitiva la baja de la edad de imputabilidad y la modernizaci\u00f3n de las relaciones laborales.<\/p>\n<p>La reforma laboral regresar\u00e1 a la Senado de la Naci\u00f3n Argentina luego de que Diputados eliminara el art\u00edculo 44, que limitaba el pago de licencias m\u00e9dicas. Al tratarse de una modificaci\u00f3n sobre el texto que la C\u00e1mara alta ya hab\u00eda aprobado \u2014con 42 votos en general y 38 en particular\u2014 el proyecto deber\u00e1 ser nuevamente considerado para su sanci\u00f3n definitiva. En el Gobierno descuentan que no habr\u00e1 obst\u00e1culos para repetir ese escenario.<\/p>\n<aside class=\"scaip scaip-2    \">\n\t\t<\/aside>\n<p>Seg\u00fan confirm\u00f3 la presidenta del bloque de La Libertad Avanza, Patricia Bullrich, la intenci\u00f3n es tratar el jueves la ley penal juvenil, junto con el pliego de designaci\u00f3n de Fernando Iglesias como embajador en B\u00e9lgica y ante la Uni\u00f3n Europea y la denominada Ley de Glaciares. El viernes, tras cumplirse el plazo reglamentario, se debatir\u00e1 la reforma laboral y el acuerdo comercial entre la Uni\u00f3n Europea y el Mercosur, que ya obtuvo aval en Diputados.<\/p>\n<p>El oficialismo logr\u00f3 respaldo de sectores del peronismo en las iniciativas centrales, por lo que anticipa una votaci\u00f3n favorable en la C\u00e1mara alta. La \u00fanica bancada que mantuvo rechazo sistem\u00e1tico a los proyectos del Ejecutivo fue Uni\u00f3n por la Patria, alineada con Cristina Fern\u00e1ndez de Kirchner, quien cumple una condena a seis a\u00f1os de prisi\u00f3n e inhabilitaci\u00f3n perpetua en la denominada Causa Vialidad. Con ese esquema de apoyos, el oficialismo conf\u00eda en cerrar la semana con la sanci\u00f3n de las leyes consideradas prioritarias para su agenda pol\u00edtica.<\/p>\n<aside class=\"scaip scaip-3    \">\n\t\t<\/aside>\n<p><h3 class=\"jp-relatedposts-headline\"><em>M\u00c1S NOTICIAS:<\/em><\/h3>\n<\/p>\n<section id=\"block-24\" class=\"below-content widget widget_block\"\/>\n<section id=\"block-38\" class=\"below-content widget widget_block\">\n<\/section>\n<\/p><\/div>\n<p><!-- .entry-content --><\/p>\n<p>\t<!-- .entry-footer --><\/p>\n<\/div>\n","protected":false},"excerpt":{"rendered":"<p>Tras la aprobaci\u00f3n de la reforma laboral en la C\u00e1mara de Diputados de la Naci\u00f3n Argentina, el Senado se encamina a convertir en ley los principales proyectos impulsados por el presidente Javier Milei en el marco de las sesiones extraordinarias. Entre jueves y viernes de la pr\u00f3xima semana, el oficialismo buscar\u00e1 sancionar en forma definitiva [&hellip;]<\/p>\n","protected":false},"author":1,"featured_media":203395,"comment_status":"","ping_status":"","sticky":false,"template":"","format":"standard","meta":{"footnotes":""},"categories":[8],"tags":[],"class_list":{"0":"post-205688","1":"post","2":"type-post","3":"status-publish","4":"format-standard","5":"has-post-thumbnail","7":"category-nacionales"},"_links":{"self":[{"href":"https:\/\/chacosintesis.com.ar\/index.php\/wp-json\/wp\/v2\/posts\/205688","targetHints":{"allow":["GET"]}}],"collection":[{"href":"https:\/\/chacosintesis.com.ar\/index.php\/wp-json\/wp\/v2\/posts"}],"about":[{"href":"https:\/\/chacosintesis.com.ar\/index.php\/wp-json\/wp\/v2\/types\/post"}],"author":[{"embeddable":true,"href":"https:\/\/chacosintesis.com.ar\/index.php\/wp-json\/wp\/v2\/users\/1"}],"replies":[{"embeddable":true,"href":"https:\/\/chacosintesis.com.ar\/index.php\/wp-json\/wp\/v2\/comments?post=205688"}],"version-history":[{"count":0,"href":"https:\/\/chacosintesis.com.ar\/index.php\/wp-json\/wp\/v2\/posts\/205688\/revisions"}],"wp:featuredmedia":[{"embeddable":true,"href":"https:\/\/chacosintesis.com.ar\/index.php\/wp-json\/wp\/v2\/media\/203395"}],"wp:attachment":[{"href":"https:\/\/chacosintesis.com.ar\/index.php\/wp-json\/wp\/v2\/media?parent=205688"}],"wp:term":[{"taxonomy":"category","embeddable":true,"href":"https:\/\/chacosintesis.com.ar\/index.php\/wp-json\/wp\/v2\/categories?post=205688"},{"taxonomy":"post_tag","embeddable":true,"href":"https:\/\/chacosintesis.com.ar\/index.php\/wp-json\/wp\/v2\/tags?post=205688"}],"curies":[{"name":"wp","href":"https:\/\/api.w.org\/{rel}","templated":true}]}}