{"id":20565,"date":"2023-04-17T15:53:44","date_gmt":"2023-04-17T18:53:44","guid":{"rendered":"https:\/\/chacosintesis.com.ar\/?p=20565"},"modified":"2023-04-17T16:06:44","modified_gmt":"2023-04-17T19:06:44","slug":"realizaran-un-curso-para-docentes-y-estudiantes-de-ultimo-ano-de-carreras-afines","status":"publish","type":"post","link":"https:\/\/chacosintesis.com.ar\/index.php\/realizaran-un-curso-para-docentes-y-estudiantes-de-ultimo-ano-de-carreras-afines\/","title":{"rendered":"Realizar\u00e1n un curso para docentes y estudiantes de \u00faltimo a\u00f1o de carreras afines"},"content":{"rendered":"<p>Las inscripciones se encuentran abiertas desde 17 de abril. El curso, que se realizar\u00e1 a trav\u00e9s de la Plataforma EL\u00c9, comenzar\u00e1 en mayo y finalizar\u00e1 en noviembre.<br \/>\nDesde el lunes 17 hasta el viernes 28 estar\u00e1n abiertas las inscripciones para el curso \u201cAlfabetizaci\u00f3n, aprendizaje comunitario entre j\u00f3venes y adultos\u201d. La capacitaci\u00f3n est\u00e1 destinada tanto a docentes de todos los niveles y modalidades de la provincia, con y sin cargo, como tambi\u00e9n a estudiantes del \u00faltimo a\u00f1o de los profesorados universitarios y terciarios.<br \/>\nEl cursado tiene prevista una duraci\u00f3n de siete meses, comenzando el 2 de mayo y finalizando el 30 de noviembre. Las clases se realizar\u00e1n a trav\u00e9s de \u201cEL\u00c9\u201d, la Plataforma Educativa Chaque\u00f1a que brinda recursos educativos, orientaciones para docentes y actividades para estudiantes de todos los niveles.<br \/>\nPara acceder a la capacitaci\u00f3n, las personas interesadas deber\u00e1n inscribirse a trav\u00e9s de un formulario web en el que deber\u00e1n rellenar sus datos personales y de contacto, adem\u00e1s de especificar el rol que cumplir\u00e1 en dicho curso. El formulario se podr\u00e1 encontrar en el siguiente enlace: <a href=\"http:\/\/bit.ly\/3zOiX07\">bit.ly\/3zOiX07<\/a>.<br \/>\nEl curso, que est\u00e1 destinado especialmente a aquellos y aquellas docentes de la provincia que se encuentren sin cargo, forma parte del Plan Provincial de Alfabetizaci\u00f3n que lanz\u00f3 el Gobierno de Chaco junto con la Subsecretar\u00eda de Planificaci\u00f3n Educativa, Ciencia y Tecnolog\u00eda, y el Ministerio de Educaci\u00f3n, Cultura, Ciencia y Tecnolog\u00eda.<\/p>\n","protected":false},"excerpt":{"rendered":"<p>Las inscripciones se encuentran abiertas desde 17 de abril. El curso, que se realizar\u00e1 a trav\u00e9s de la Plataforma EL\u00c9, comenzar\u00e1 en mayo y finalizar\u00e1 en noviembre. Desde el lunes 17 hasta el viernes 28 estar\u00e1n abiertas las inscripciones para el curso \u201cAlfabetizaci\u00f3n, aprendizaje comunitario entre j\u00f3venes y adultos\u201d. La capacitaci\u00f3n est\u00e1 destinada tanto a [&hellip;]<\/p>\n","protected":false},"author":1,"featured_media":20566,"comment_status":"closed","ping_status":"closed","sticky":false,"template":"","format":"standard","meta":{"footnotes":""},"categories":[6],"tags":[],"class_list":{"0":"post-20565","1":"post","2":"type-post","3":"status-publish","4":"format-standard","5":"has-post-thumbnail","7":"category-chaco"},"_links":{"self":[{"href":"https:\/\/chacosintesis.com.ar\/index.php\/wp-json\/wp\/v2\/posts\/20565","targetHints":{"allow":["GET"]}}],"collection":[{"href":"https:\/\/chacosintesis.com.ar\/index.php\/wp-json\/wp\/v2\/posts"}],"about":[{"href":"https:\/\/chacosintesis.com.ar\/index.php\/wp-json\/wp\/v2\/types\/post"}],"author":[{"embeddable":true,"href":"https:\/\/chacosintesis.com.ar\/index.php\/wp-json\/wp\/v2\/users\/1"}],"replies":[{"embeddable":true,"href":"https:\/\/chacosintesis.com.ar\/index.php\/wp-json\/wp\/v2\/comments?post=20565"}],"version-history":[{"count":0,"href":"https:\/\/chacosintesis.com.ar\/index.php\/wp-json\/wp\/v2\/posts\/20565\/revisions"}],"wp:featuredmedia":[{"embeddable":true,"href":"https:\/\/chacosintesis.com.ar\/index.php\/wp-json\/wp\/v2\/media\/20566"}],"wp:attachment":[{"href":"https:\/\/chacosintesis.com.ar\/index.php\/wp-json\/wp\/v2\/media?parent=20565"}],"wp:term":[{"taxonomy":"category","embeddable":true,"href":"https:\/\/chacosintesis.com.ar\/index.php\/wp-json\/wp\/v2\/categories?post=20565"},{"taxonomy":"post_tag","embeddable":true,"href":"https:\/\/chacosintesis.com.ar\/index.php\/wp-json\/wp\/v2\/tags?post=20565"}],"curies":[{"name":"wp","href":"https:\/\/api.w.org\/{rel}","templated":true}]}}