{"id":205631,"date":"2026-02-16T08:01:33","date_gmt":"2026-02-16T11:01:33","guid":{"rendered":"https:\/\/chacosintesis.com.ar\/index.php\/la-cgt-define-si-convoca-a-un-paro-general-contra-la-reforma-laboral\/"},"modified":"2026-02-16T08:01:33","modified_gmt":"2026-02-16T11:01:33","slug":"la-cgt-define-si-convoca-a-un-paro-general-contra-la-reforma-laboral","status":"publish","type":"post","link":"https:\/\/chacosintesis.com.ar\/index.php\/la-cgt-define-si-convoca-a-un-paro-general-contra-la-reforma-laboral\/","title":{"rendered":"La CGT define si convoca a un paro general contra la reforma laboral"},"content":{"rendered":"<p><\/p>\n<div id=\"post-2188580\">\n<div class=\"entry-content\">\n<aside class=\"scaip scaip-1    \">\n\t\t<\/aside>\n<p>La c\u00fapula directiva de la <strong>CGT <\/strong>se reunir\u00e1 este lunes para tratar la posibilidad de llamar a <strong>un paro general\u00a0<\/strong>para la pr\u00f3xima semana, en claro desacuerdo con la posible sanci\u00f3n de la Reforma Laboral, que comenzar\u00e1 a debatirse en Diputados, luego de la media sanci\u00f3n en el Senado.<\/p>\n<p>Los cotitulares de la CGT, Octavio Arg\u00fcello (Camioneros), Jorge Sola(Seguro) y Cristian Jer\u00f3nimo (empleados del vidrio) decidieron llevar a cabo un encuentro de manera virtual desde las 11.<\/p>\n<aside class=\"scaip scaip-2    \">\n\t\t<\/aside>\n<p>Uno de los cotitulares de la central, Cristian Jer\u00f3nimo, hab\u00eda se\u00f1alado hace unos d\u00edas que \u201c<em>est\u00e1n dadas las condiciones y generados los consensos colectivos para ir hacia una huelga nacional<\/em>\u201d.<\/p>\n<p>De hecho, muchos sindicalistas sostienen que ya no es suficiente con salir a la calle para expresar su oposici\u00f3n al proyecto del gobierno, y pidieron expresamente medidas m\u00e1s duras.<\/p>\n<aside class=\"scaip scaip-3    \">\n\t\t<\/aside>\n<p>En consecuencia, es posible que la central obrera convoque a un paro el d\u00eda que se inicie el debate de la reforma en la c\u00e1mara baja, probablemente el mi\u00e9rcoles 18 o jueves 19.<\/p>\n<p>Entre los puntos que causaron rechazo de parte de la CGT se encuentran las modificaciones sobre las <strong>indemnizaciones, la jornada laboral, el derecho a huelga y las vacaciones<\/strong>, mientras que tambi\u00e9n gener\u00f3 cr\u00edticas el esquema de <strong>licencias por enfermedad o accidentes no laborales<\/strong>.<\/p>\n<aside class=\"scaip scaip-4    \">\n\t\t<\/aside>\n<p><h3 class=\"jp-relatedposts-headline\"><em>M\u00c1S NOTICIAS:<\/em><\/h3>\n<\/p>\n<section id=\"block-24\" class=\"below-content widget widget_block\"\/>\n<section id=\"block-38\" class=\"below-content widget widget_block\">\n<\/section>\n<\/p><\/div>\n<p><!-- .entry-content --><\/p>\n<p>\t<!-- .entry-footer --><\/p>\n<\/div>\n","protected":false},"excerpt":{"rendered":"<p>La c\u00fapula directiva de la CGT se reunir\u00e1 este lunes para tratar la posibilidad de llamar a un paro general\u00a0para la pr\u00f3xima semana, en claro desacuerdo con la posible sanci\u00f3n de la Reforma Laboral, que comenzar\u00e1 a debatirse en Diputados, luego de la media sanci\u00f3n en el Senado. Los cotitulares de la CGT, Octavio Arg\u00fcello [&hellip;]<\/p>\n","protected":false},"author":1,"featured_media":205632,"comment_status":"","ping_status":"","sticky":false,"template":"","format":"standard","meta":{"footnotes":""},"categories":[8],"tags":[],"class_list":{"0":"post-205631","1":"post","2":"type-post","3":"status-publish","4":"format-standard","5":"has-post-thumbnail","7":"category-nacionales"},"_links":{"self":[{"href":"https:\/\/chacosintesis.com.ar\/index.php\/wp-json\/wp\/v2\/posts\/205631","targetHints":{"allow":["GET"]}}],"collection":[{"href":"https:\/\/chacosintesis.com.ar\/index.php\/wp-json\/wp\/v2\/posts"}],"about":[{"href":"https:\/\/chacosintesis.com.ar\/index.php\/wp-json\/wp\/v2\/types\/post"}],"author":[{"embeddable":true,"href":"https:\/\/chacosintesis.com.ar\/index.php\/wp-json\/wp\/v2\/users\/1"}],"replies":[{"embeddable":true,"href":"https:\/\/chacosintesis.com.ar\/index.php\/wp-json\/wp\/v2\/comments?post=205631"}],"version-history":[{"count":0,"href":"https:\/\/chacosintesis.com.ar\/index.php\/wp-json\/wp\/v2\/posts\/205631\/revisions"}],"wp:featuredmedia":[{"embeddable":true,"href":"https:\/\/chacosintesis.com.ar\/index.php\/wp-json\/wp\/v2\/media\/205632"}],"wp:attachment":[{"href":"https:\/\/chacosintesis.com.ar\/index.php\/wp-json\/wp\/v2\/media?parent=205631"}],"wp:term":[{"taxonomy":"category","embeddable":true,"href":"https:\/\/chacosintesis.com.ar\/index.php\/wp-json\/wp\/v2\/categories?post=205631"},{"taxonomy":"post_tag","embeddable":true,"href":"https:\/\/chacosintesis.com.ar\/index.php\/wp-json\/wp\/v2\/tags?post=205631"}],"curies":[{"name":"wp","href":"https:\/\/api.w.org\/{rel}","templated":true}]}}