{"id":20563,"date":"2023-04-17T15:49:05","date_gmt":"2023-04-17T18:49:05","guid":{"rendered":"https:\/\/chacosintesis.com.ar\/?p=20563"},"modified":"2023-04-17T16:06:44","modified_gmt":"2023-04-17T19:06:44","slug":"cinco-empresas-chaquenas-en-mision-comercial-conjunta-a-brasil","status":"publish","type":"post","link":"https:\/\/chacosintesis.com.ar\/index.php\/cinco-empresas-chaquenas-en-mision-comercial-conjunta-a-brasil\/","title":{"rendered":"Cinco empresas chaque\u00f1as en misi\u00f3n comercial conjunta a Brasil"},"content":{"rendered":"<p>La comitiva estar\u00e1 encabezada por el gobernador Jorge Capitanich, junto al ministro de Producci\u00f3n, Industria y Empleo, Sebasti\u00e1n Lifton; y las subsecretarias Laura Binaghi (Industria) y Ludmila Voloj (Comercio Exterior y Defensa de la Competencia).<br \/>\nEl gobierno provincial acompa\u00f1ar\u00e1 desde este martes 18 a un grupo de cinco empresas chaque\u00f1as a participar de una misi\u00f3n comercial a Curitiba, Brasil, en busca de ampliar y fortalecer el posicionamiento en cuanto a mercados internacionales. La comitiva, que estar\u00e1 encabezada por el gobernador Jorge Capitanich, est\u00e1 conformada adem\u00e1s por el ministro de Producci\u00f3n, Industria y Empleo, Sebasti\u00e1n Lifton; y las subsecretarias Laura Binaghi (Industria) y Ludmila Voloj (Comercio Exterior y Defensa de la Competencia).<br \/>\nLa participaci\u00f3n del gobierno y de las empresas chaque\u00f1as se dar\u00e1 en el marco de la 40\u00b0 Feria y Convenci\u00f3n Paranaense de Supermercados \u201cExpo Apras 2023\u201d, que se llevar\u00e1 adelante del martes 18 al jueves 20 en Curitiba. \u201cEste megaeevento al que asistiremos es estrat\u00e9gico y nos permitir\u00e1 ir en b\u00fasqueda de ingresar a un mercado clave como es el del Estado de Paran\u00e1, tanto por su cercan\u00eda geogr\u00e1fica como por el impacto en t\u00e9rminos de poblaci\u00f3n de esa zona del Brasil\u201d, explic\u00f3 este lunes el ministro Lifton.<br \/>\n\u201cExpo Apras es la feria m\u00e1s grande y m\u00e1s importante del sector supermercadista en Paran\u00e1 por lo que se torna esencial promover alianzas y exportaciones para nuestras pymes del sector alimenticio, de art\u00edculos de limpieza, servicios y otros productos\u201d, a\u00f1adi\u00f3.<br \/>\nLa comitiva chaque\u00f1a que asistir\u00e1 a la Expo Apras 2023 est\u00e1 conformada por cinco empresas pertenecientes a distintos rubros econ\u00f3micos y productivos. Seg\u00fan precis\u00f3 el ministro Lifton, las firmas que acompa\u00f1ar\u00e1n la misi\u00f3n son Helados Polo Sur; Ovni (snacks); Piace Pi\u00fa (helados); Centroficina Servicios SRL (muebles de oficina funcionales en MDF y metal); e Innew (comercio digital,  desarrollo e implementaci\u00f3n VTEX -plataforma e-commerce-, consultor\u00eda y soporte evolutivo VTEX).<br \/>\nA Curitiba llegar\u00e1n empresas de un total de diez provincias argentinas, mayormente del sector alimentos, las que podr\u00e1n mostrarse en un mercado que cuenta con m\u00e1s de 11 millones de consumidores. A lo largo de las tres jornadas, se realizar\u00e1n reuniones de negocios con contrapartes a fin de detectar oportunidades comerciales para los productos chaque\u00f1os.<br \/>\nDel evento participar\u00e1n, al que las pymes asistir\u00e1n tambi\u00e9n con acompa\u00f1amiento de la Confederaci\u00f3n Argentina de la Mediana Empresa (Came), los principales supermercados del Estado de Paran\u00e1. El Ministerio de Producci\u00f3n, Industria y Empleo trabaja de manera permanente en la b\u00fasqueda e inserci\u00f3n en el mercado mundial y de la regi\u00f3n por parte de pymes y productos chaque\u00f1os.<br \/>\nJunto a Canciller\u00eda y el Consejo Federal de Inversiones (CFI), la cartera articula para la participaci\u00f3n de empresas chaque\u00f1as en rondas de negocios y exposiciones en distintos puntos del planeta. Desde 2020 a la fecha, han participado m\u00e1s de 15 empresas chaque\u00f1as en ferias, foros y festivales  Internacionales entre ellos Apimondia (Estambul, Turqu\u00eda), Gulfood  (Emiratos  \u00c1rabes Unidos), FIAR (Rosario, Argentina), Woman Economic Forum (Roma, Italia), London Design Festival (Londres, Inglaterra); y tambi\u00e9n en diferentes misiones comerciales organizadas conjuntamente con el bloque regional Norte Grande a Emiratos \u00c1rabes Unidos, Estados Unidos, Chile, y Brasil, entre otros pa\u00edses.<\/p>\n","protected":false},"excerpt":{"rendered":"<p>La comitiva estar\u00e1 encabezada por el gobernador Jorge Capitanich, junto al ministro de Producci\u00f3n, Industria y Empleo, Sebasti\u00e1n Lifton; y las subsecretarias Laura Binaghi (Industria) y Ludmila Voloj (Comercio Exterior y Defensa de la Competencia). El gobierno provincial acompa\u00f1ar\u00e1 desde este martes 18 a un grupo de cinco empresas chaque\u00f1as a participar de una misi\u00f3n [&hellip;]<\/p>\n","protected":false},"author":1,"featured_media":20564,"comment_status":"closed","ping_status":"closed","sticky":false,"template":"","format":"standard","meta":{"footnotes":""},"categories":[6],"tags":[],"class_list":{"0":"post-20563","1":"post","2":"type-post","3":"status-publish","4":"format-standard","5":"has-post-thumbnail","7":"category-chaco"},"_links":{"self":[{"href":"https:\/\/chacosintesis.com.ar\/index.php\/wp-json\/wp\/v2\/posts\/20563","targetHints":{"allow":["GET"]}}],"collection":[{"href":"https:\/\/chacosintesis.com.ar\/index.php\/wp-json\/wp\/v2\/posts"}],"about":[{"href":"https:\/\/chacosintesis.com.ar\/index.php\/wp-json\/wp\/v2\/types\/post"}],"author":[{"embeddable":true,"href":"https:\/\/chacosintesis.com.ar\/index.php\/wp-json\/wp\/v2\/users\/1"}],"replies":[{"embeddable":true,"href":"https:\/\/chacosintesis.com.ar\/index.php\/wp-json\/wp\/v2\/comments?post=20563"}],"version-history":[{"count":0,"href":"https:\/\/chacosintesis.com.ar\/index.php\/wp-json\/wp\/v2\/posts\/20563\/revisions"}],"wp:featuredmedia":[{"embeddable":true,"href":"https:\/\/chacosintesis.com.ar\/index.php\/wp-json\/wp\/v2\/media\/20564"}],"wp:attachment":[{"href":"https:\/\/chacosintesis.com.ar\/index.php\/wp-json\/wp\/v2\/media?parent=20563"}],"wp:term":[{"taxonomy":"category","embeddable":true,"href":"https:\/\/chacosintesis.com.ar\/index.php\/wp-json\/wp\/v2\/categories?post=20563"},{"taxonomy":"post_tag","embeddable":true,"href":"https:\/\/chacosintesis.com.ar\/index.php\/wp-json\/wp\/v2\/tags?post=20563"}],"curies":[{"name":"wp","href":"https:\/\/api.w.org\/{rel}","templated":true}]}}