{"id":205628,"date":"2026-02-16T08:00:25","date_gmt":"2026-02-16T11:00:25","guid":{"rendered":"https:\/\/chacosintesis.com.ar\/index.php\/kennys-palacios-en-el-ojo-de-la-tormenta-al-respaldar-publicamente-a-la-china-suarez_a699273b7c331fb2518c83be8\/"},"modified":"2026-02-16T08:00:25","modified_gmt":"2026-02-16T11:00:25","slug":"kennys-palacios-en-el-ojo-de-la-tormenta-al-respaldar-publicamente-a-la-china-suarez_a699273b7c331fb2518c83be8","status":"publish","type":"post","link":"https:\/\/chacosintesis.com.ar\/index.php\/kennys-palacios-en-el-ojo-de-la-tormenta-al-respaldar-publicamente-a-la-china-suarez_a699273b7c331fb2518c83be8\/","title":{"rendered":"Kennys Palacios en el ojo de la tormenta al respaldar p\u00fablicamente a la China Su\u00e1rez"},"content":{"rendered":"<p><\/p>\n<div itemprop=\"articleBody\">\n<p><a href=\"\/\"><strong>Buenos Aires, 15 de febrero \u00a0(NA)<\/strong><\/a><span> &#8212;<\/span>Un breve mensaje en redes sociales de <span>Kennys Palacios<\/span> desat\u00f3 sorpresa y debate entre los usuarios, al mostrarse p\u00fablicamente a favor de <span>En el barro 2<\/span>, protagonizada por la <span>China Su\u00e1rez<\/span>.<\/p>\n<p>Seg\u00fan pudo constatar la <a rel=\"noopener nofollow\" href=\"https:\/\/es.wikipedia.org\/wiki\/Noticias_Argentinas\" target=\"_blank\"><strong>Agencia Noticias Argentinas<\/strong><\/a><strong>, <\/strong>el peluquero de Wanda, uno de los principales defensores de la medi\u00e1tica, comparti\u00f3 en X \u00a0un posteo que dec\u00eda simplemente: \u201cEn el Barro 2\u201d acompa\u00f1ado de emojis de fuego.\u00a0<\/p>\n<figure class=\"multimedia\" data-tadevel-template=\"web\/multimedia\" data-type=\"photo\">\n<div class=\"content\">\n<div class=\"sizer\" data-sizer=\"aspect-ratio\" data-tadevel-template=\"web\/aspect-ratio\" style=\"--aspect-ratio:16.97171381031614%;\"><picture data-tadevel-template=\"web\/picture\"><\/source><\/picture><\/div>\n<\/div>\n<\/figure>\n<p>La referencia al estreno de la serie el pasado 13 de febrero gener\u00f3 inmediatas reacciones en redes, donde <strong>los usuarios cuestionaron c\u00f3mo alguien tan cercano a Wanda pod\u00eda respaldar p\u00fablicamente un proyecto encabezado por la actriz se\u00f1alada como \u201ctercera en discordia\u201d<\/strong> en el esc\u00e1ndalo medi\u00e1tico que involucr\u00f3 a Mauro Icardi.<\/p>\n<p><tadevel-ad  class=\"block-4d\" slot-id=\"article-inline-01\"\/><\/p>\n<p style=\"--ipspy: __IP__;color: __IP__;text-decoration: __IP__;\" alt=\"__IP__\" data-ipspy=\"__IP__\" title=\"__IP__\">Lejos de esquivar la pol\u00e9mica, Palacios respondi\u00f3 con total honestidad brutal. <strong>\u201cPelotuda, te molesta a vos y no a ella\u201d<\/strong>, expres\u00f3, lejos de bajar el tono de la discusi\u00f3n entre sus seguidores.<span style=\"opacity: 0;\" data-nosnippet=\"\">__IP__<\/span><\/p>\n<figure class=\"multimedia\" data-tadevel-template=\"web\/multimedia\" data-type=\"photo\">\n<div class=\"content\">\n<div class=\"sizer\" data-sizer=\"aspect-ratio\" data-tadevel-template=\"web\/aspect-ratio\" style=\"--aspect-ratio:33.277870216306155%;\"><picture data-tadevel-template=\"web\/picture\"><\/source><\/picture><\/div>\n<\/div>\n<\/figure>\n<p>El debate se intensifica al recordar que en otros estrenos de la <span>China <\/span>no faltaron indirectas ni tensiones medi\u00e1ticas desde el c\u00edrculo cercano a Wanda Nara. Mientras algunos usuarios defendieron la postura de Palacios,<strong> mientras que otros plantean un posible distanciamiento entre el peluquero y la blonda.\u00a0<\/strong><\/p>\n<p><a href=\"\/-agenciana-_t6924a1398cf3e70993d4f848\">#AgenciaNA.<\/a>\u00a0<\/p>\n<\/div>\n<p><\/p>\n<p>Noticias Argentinas<\/p>\n","protected":false},"excerpt":{"rendered":"<p>Buenos Aires, 15 de febrero \u00a0(NA) &#8212;Un breve mensaje en redes sociales de Kennys Palacios desat\u00f3 sorpresa y debate entre los usuarios, al mostrarse p\u00fablicamente a favor de En el barro 2, protagonizada por la China Su\u00e1rez. Seg\u00fan pudo constatar la Agencia Noticias Argentinas, el peluquero de Wanda, uno de los principales defensores de la [&hellip;]<\/p>\n","protected":false},"author":1,"featured_media":205630,"comment_status":"closed","ping_status":"","sticky":false,"template":"","format":"standard","meta":{"footnotes":""},"categories":[188],"tags":[],"class_list":{"0":"post-205628","1":"post","2":"type-post","3":"status-publish","4":"format-standard","5":"has-post-thumbnail","7":"category-farandula"},"_links":{"self":[{"href":"https:\/\/chacosintesis.com.ar\/index.php\/wp-json\/wp\/v2\/posts\/205628","targetHints":{"allow":["GET"]}}],"collection":[{"href":"https:\/\/chacosintesis.com.ar\/index.php\/wp-json\/wp\/v2\/posts"}],"about":[{"href":"https:\/\/chacosintesis.com.ar\/index.php\/wp-json\/wp\/v2\/types\/post"}],"author":[{"embeddable":true,"href":"https:\/\/chacosintesis.com.ar\/index.php\/wp-json\/wp\/v2\/users\/1"}],"replies":[{"embeddable":true,"href":"https:\/\/chacosintesis.com.ar\/index.php\/wp-json\/wp\/v2\/comments?post=205628"}],"version-history":[{"count":0,"href":"https:\/\/chacosintesis.com.ar\/index.php\/wp-json\/wp\/v2\/posts\/205628\/revisions"}],"wp:featuredmedia":[{"embeddable":true,"href":"https:\/\/chacosintesis.com.ar\/index.php\/wp-json\/wp\/v2\/media\/205630"}],"wp:attachment":[{"href":"https:\/\/chacosintesis.com.ar\/index.php\/wp-json\/wp\/v2\/media?parent=205628"}],"wp:term":[{"taxonomy":"category","embeddable":true,"href":"https:\/\/chacosintesis.com.ar\/index.php\/wp-json\/wp\/v2\/categories?post=205628"},{"taxonomy":"post_tag","embeddable":true,"href":"https:\/\/chacosintesis.com.ar\/index.php\/wp-json\/wp\/v2\/tags?post=205628"}],"curies":[{"name":"wp","href":"https:\/\/api.w.org\/{rel}","templated":true}]}}