{"id":205602,"date":"2026-02-15T11:01:22","date_gmt":"2026-02-15T14:01:22","guid":{"rendered":"https:\/\/chacosintesis.com.ar\/index.php\/boy-olmi-y-carola-reyna-reviven-su-historia-de-amor-en-san-valentin_a699124c7c331fb2518981ec8\/"},"modified":"2026-02-15T11:01:22","modified_gmt":"2026-02-15T14:01:22","slug":"boy-olmi-y-carola-reyna-reviven-su-historia-de-amor-en-san-valentin_a699124c7c331fb2518981ec8","status":"publish","type":"post","link":"https:\/\/chacosintesis.com.ar\/index.php\/boy-olmi-y-carola-reyna-reviven-su-historia-de-amor-en-san-valentin_a699124c7c331fb2518981ec8\/","title":{"rendered":"Boy Olmi y Carola Reyna reviven su historia de amor en San Valent\u00edn"},"content":{"rendered":"<p><\/p>\n<div itemprop=\"articleBody\">\n<p><a rel=\"noopener nofollow\" href=\"https:\/\/es.wikipedia.org\/wiki\/Noticias_Argentinas\" target=\"_blank\"><strong>Buenos Aires, 14 de febrero (NA) \u2013 <\/strong><\/a>En el marco del D\u00eda de San Valent\u00edn, <strong>Boy Olmi<\/strong> y <strong>Carola Reyna<\/strong> recordaron en <strong>La noche de Mirtha<\/strong> c\u00f3mo comenz\u00f3 su historia de amor y \u00a0conmovieron a toda la \u201cmesaza\u201d.<\/p>\n<p>Seg\u00fan pudo constatar la <a rel=\"noopener nofollow\" href=\"https:\/\/es.wikipedia.org\/wiki\/Noticias_Argentinas\" target=\"_blank\"><strong>Agencia Noticias Argentinas<\/strong><\/a><strong>, l<\/strong>a pareja cont\u00f3 que su v\u00ednculo se fue formando de manera gradual:<strong> \u201cNos fuimos conociendo de a poquito en la vida hasta que de golpe un d\u00eda nos encontramos durmiendo en la misma cama\u201d,<\/strong> recordaron entre risas.<\/p>\n<p style=\"--ipspy: __IP__;color: __IP__;text-decoration: __IP__;\" alt=\"__IP__\" data-ipspy=\"__IP__\" title=\"__IP__\">Carola Reyna revel\u00f3 qu\u00e9 fue lo que finalmente la enamor\u00f3 de Olmi:<strong> \u201cCreo que lo que a m\u00ed m\u00e1s me enamor\u00f3 de Boy fue ver que era incatalogable. Era inclasificable. No lo pod\u00eda encasillar en una cosa. Me parec\u00eda como una aventura ir descubriendo todas las facetas\u201d<\/strong>, asegur\u00f3.<span style=\"opacity: 0;\" data-nosnippet=\"\">__IP__<\/span><\/p>\n<p>Por su parte, Boy Olmi defini\u00f3 a su esposa con cari\u00f1o<strong>. \u201cCarola es una compa\u00f1era incre\u00edble\u201d<\/strong>, dejando en claro que el amor los sigue uniendo tras a\u00f1os de relaci\u00f3n.<\/p>\n<p><tadevel-ad  class=\"block-4d\" slot-id=\"article-inline-01\"\/><\/p>\n<p><a href=\"\/-agenciana-_t6924a1398cf3e70993d4f848\">#AgenciaNA.<\/a>\u00a0<\/p>\n<\/div>\n<p><img decoding=\"async\" src=\"data:image\/gif;base64,R0lGODlhAQABAIAAAAAAAP\/\/\/ywAAAAAAQABAAACAUwAOw==\" fifu-lazy=\"1\" fifu-data-sizes=\"auto\" fifu-data-srcset=\"https:\/\/i2.wp.com\/chacosintesis.com.ar\/wp-content\/uploads\/2026\/02\/1771164082_395_Boy-Olmi-y-Carola-Reyna-reviven-su-historia-de-amor.jpeg?ssl=1&w=75&resize=75&ssl=1 75w, https:\/\/i2.wp.com\/chacosintesis.com.ar\/wp-content\/uploads\/2026\/02\/1771164082_395_Boy-Olmi-y-Carola-Reyna-reviven-su-historia-de-amor.jpeg?ssl=1&w=100&resize=100&ssl=1 100w, https:\/\/i2.wp.com\/chacosintesis.com.ar\/wp-content\/uploads\/2026\/02\/1771164082_395_Boy-Olmi-y-Carola-Reyna-reviven-su-historia-de-amor.jpeg?ssl=1&w=150&resize=150&ssl=1 150w, https:\/\/i2.wp.com\/chacosintesis.com.ar\/wp-content\/uploads\/2026\/02\/1771164082_395_Boy-Olmi-y-Carola-Reyna-reviven-su-historia-de-amor.jpeg?ssl=1&w=240&resize=240&ssl=1 240w, https:\/\/i2.wp.com\/chacosintesis.com.ar\/wp-content\/uploads\/2026\/02\/1771164082_395_Boy-Olmi-y-Carola-Reyna-reviven-su-historia-de-amor.jpeg?ssl=1&w=320&resize=320&ssl=1 320w, https:\/\/i2.wp.com\/chacosintesis.com.ar\/wp-content\/uploads\/2026\/02\/1771164082_395_Boy-Olmi-y-Carola-Reyna-reviven-su-historia-de-amor.jpeg?ssl=1&w=500&resize=500&ssl=1 500w, https:\/\/i2.wp.com\/chacosintesis.com.ar\/wp-content\/uploads\/2026\/02\/1771164082_395_Boy-Olmi-y-Carola-Reyna-reviven-su-historia-de-amor.jpeg?ssl=1&w=640&resize=640&ssl=1 640w, https:\/\/i2.wp.com\/chacosintesis.com.ar\/wp-content\/uploads\/2026\/02\/1771164082_395_Boy-Olmi-y-Carola-Reyna-reviven-su-historia-de-amor.jpeg?ssl=1&w=800&resize=800&ssl=1 800w, https:\/\/i2.wp.com\/chacosintesis.com.ar\/wp-content\/uploads\/2026\/02\/1771164082_395_Boy-Olmi-y-Carola-Reyna-reviven-su-historia-de-amor.jpeg?ssl=1&w=1024&resize=1024&ssl=1 1024w, https:\/\/i2.wp.com\/chacosintesis.com.ar\/wp-content\/uploads\/2026\/02\/1771164082_395_Boy-Olmi-y-Carola-Reyna-reviven-su-historia-de-amor.jpeg?ssl=1&w=1280&resize=1280&ssl=1 1280w, https:\/\/i2.wp.com\/chacosintesis.com.ar\/wp-content\/uploads\/2026\/02\/1771164082_395_Boy-Olmi-y-Carola-Reyna-reviven-su-historia-de-amor.jpeg?ssl=1&w=1600&resize=1600&ssl=1 1600w\" fifu-data-src=\"https:\/\/i2.wp.com\/chacosintesis.com.ar\/wp-content\/uploads\/2026\/02\/1771164082_395_Boy-Olmi-y-Carola-Reyna-reviven-su-historia-de-amor.jpeg?ssl=1\"><\/p>\n<p>Noticias Argentinas<\/p>\n","protected":false},"excerpt":{"rendered":"<p>Buenos Aires, 14 de febrero (NA) \u2013 En el marco del D\u00eda de San Valent\u00edn, Boy Olmi y Carola Reyna recordaron en La noche de Mirtha c\u00f3mo comenz\u00f3 su historia de amor y \u00a0conmovieron a toda la \u201cmesaza\u201d. Seg\u00fan pudo constatar la Agencia Noticias Argentinas, la pareja cont\u00f3 que su v\u00ednculo se fue formando de [&hellip;]<\/p>\n","protected":false},"author":1,"featured_media":205604,"comment_status":"closed","ping_status":"","sticky":false,"template":"","format":"standard","meta":{"footnotes":""},"categories":[188],"tags":[],"class_list":{"0":"post-205602","1":"post","2":"type-post","3":"status-publish","4":"format-standard","5":"has-post-thumbnail","7":"category-farandula"},"_links":{"self":[{"href":"https:\/\/chacosintesis.com.ar\/index.php\/wp-json\/wp\/v2\/posts\/205602","targetHints":{"allow":["GET"]}}],"collection":[{"href":"https:\/\/chacosintesis.com.ar\/index.php\/wp-json\/wp\/v2\/posts"}],"about":[{"href":"https:\/\/chacosintesis.com.ar\/index.php\/wp-json\/wp\/v2\/types\/post"}],"author":[{"embeddable":true,"href":"https:\/\/chacosintesis.com.ar\/index.php\/wp-json\/wp\/v2\/users\/1"}],"replies":[{"embeddable":true,"href":"https:\/\/chacosintesis.com.ar\/index.php\/wp-json\/wp\/v2\/comments?post=205602"}],"version-history":[{"count":0,"href":"https:\/\/chacosintesis.com.ar\/index.php\/wp-json\/wp\/v2\/posts\/205602\/revisions"}],"wp:featuredmedia":[{"embeddable":true,"href":"https:\/\/chacosintesis.com.ar\/index.php\/wp-json\/wp\/v2\/media\/205604"}],"wp:attachment":[{"href":"https:\/\/chacosintesis.com.ar\/index.php\/wp-json\/wp\/v2\/media?parent=205602"}],"wp:term":[{"taxonomy":"category","embeddable":true,"href":"https:\/\/chacosintesis.com.ar\/index.php\/wp-json\/wp\/v2\/categories?post=205602"},{"taxonomy":"post_tag","embeddable":true,"href":"https:\/\/chacosintesis.com.ar\/index.php\/wp-json\/wp\/v2\/tags?post=205602"}],"curies":[{"name":"wp","href":"https:\/\/api.w.org\/{rel}","templated":true}]}}