{"id":20466,"date":"2023-04-15T09:19:02","date_gmt":"2023-04-15T12:19:02","guid":{"rendered":"https:\/\/chacosintesis.com.ar\/?p=20466"},"modified":"2023-04-15T09:36:46","modified_gmt":"2023-04-15T12:36:46","slug":"el-gobierno-convoco-a-supermercadistas-y-analiza-medidas-economicas","status":"publish","type":"post","link":"https:\/\/chacosintesis.com.ar\/index.php\/el-gobierno-convoco-a-supermercadistas-y-analiza-medidas-economicas\/","title":{"rendered":"El Gobierno convoc\u00f3 a supermercadistas y analiza medidas econ\u00f3micas"},"content":{"rendered":"<p>Representantes del Gobierno y de los supermercados y comercios se reunieron en Casa de Gobierno. Durante el encuentro se estudiaron distintas alternativas para mejorar el poder adquisitivo de las familias chaque\u00f1as.<br \/>\n El Poder Ejecutivo provincial convoc\u00f3, con car\u00e1cter de urgente, a una reuni\u00f3n a representantes de supermercados y comercios con el objetivo de definir medidas econ\u00f3micas, que est\u00e9n destinadas a ayudar y mejorar el poder adquisitivo de las familias chaque\u00f1as, garantizando el crecimiento de la econom\u00eda, tal como viene sucediendo en los \u00faltimos a\u00f1os.<br \/>\nEncabezaron la reuni\u00f3n el ministro de Planificaci\u00f3n, Econom\u00eda e Infraestructura Santiago P\u00e9rez Pons y el ministro de Producci\u00f3n, Industria y Empleo, Sebasti\u00e1n Lifton. Tambi\u00e9n estuvieron presentes, Sebasti\u00e1n Mart\u00ednez subsecretario de Pol\u00edtica Econ\u00f3mica; Federico Mu\u00f1oz Femen\u00eda, presidente del NBCH; Ludmila Voloj, subsecretar\u00eda de Comercio Exterior y Defensa de la competencia; y Maia Woelflin directora del NBCH.<br \/>\n\u201cBuscamos responder al esfuerzo que han hecho y siguen haciendo todas y todos los trabajadores\u201d, explic\u00f3 P\u00e9rez Pons, al referirse a la importancia de la reuni\u00f3n con supermercadistas y comerciantes de la Provincia. \u201cComo siempre digo, la pol\u00edtica macro para controlar la inflaci\u00f3n no depende de la Provincia, pero s\u00ed podemos poner en marcha pol\u00edticas p\u00fablicas para moderar su impacto\u201d, a\u00f1adi\u00f3.<br \/>\n\u201cNuestro trabajo est\u00e1 enfocado en mejorar la calidad de vida de las familias chaque\u00f1as. Sabemos que el d\u00eda a d\u00eda es dif\u00edcil para muchas de ellas, por eso implementamos distintas medidas que permitan darle previsibilidad y mantener el valor de los salarios\u201d, afirm\u00f3 el titular de la cartera econ\u00f3mica.<br \/>\n\u201cDesde el principio de la gesti\u00f3n nos preocupamos y ocupamos en mantener el poder adquisitivo de las y los trabajadores, con medidas econ\u00f3micas directas e indirectas, que favorezcan el consumo\u201d, detall\u00f3 el funcionario provincial.<\/p>\n<p>Acciones directas e indirectas<br \/>\n El gobierno provincial viene realizando acciones directas e indirectas para garantizar el poder adquisitivo de las familias chaque\u00f1as, por un lado; y mantener el consumo, por el otro, con el objetivo de proteger el crecimiento econ\u00f3mico del Chaco.<br \/>\nEntre las medidas de acci\u00f3n directa que despliega el Estado provincial es clave la pol\u00edtica salarial que viene ejecutando desde el inicio de la gesti\u00f3n, con salarios que le ganan a la inflaci\u00f3n a\u00f1o a a\u00f1o, m\u00e1s otras medidas complementarias como la habilitaci\u00f3n del convenio colectivo de trabajo, por citar un ejemplo.<br \/>\nEntre las indirectas, se pueden mencionar una serie de pol\u00edticas p\u00fablicas que tienen como objetivo central cuidar el poder adquisitivo de las y los chaque\u00f1as, con medidas como el congelamiento de precios, promociones y descuentos en comercios, financiaciones a trav\u00e9s de la tarjeta de cr\u00e9dito chaque\u00f1a Tuya, por citar algunos ejemplos.<\/p>\n","protected":false},"excerpt":{"rendered":"<p>Representantes del Gobierno y de los supermercados y comercios se reunieron en Casa de Gobierno. Durante el encuentro se estudiaron distintas alternativas para mejorar el poder adquisitivo de las familias chaque\u00f1as. El Poder Ejecutivo provincial convoc\u00f3, con car\u00e1cter de urgente, a una reuni\u00f3n a representantes de supermercados y comercios con el objetivo de definir medidas [&hellip;]<\/p>\n","protected":false},"author":1,"featured_media":20467,"comment_status":"closed","ping_status":"closed","sticky":false,"template":"","format":"standard","meta":{"footnotes":""},"categories":[6],"tags":[],"class_list":{"0":"post-20466","1":"post","2":"type-post","3":"status-publish","4":"format-standard","5":"has-post-thumbnail","7":"category-chaco"},"_links":{"self":[{"href":"https:\/\/chacosintesis.com.ar\/index.php\/wp-json\/wp\/v2\/posts\/20466","targetHints":{"allow":["GET"]}}],"collection":[{"href":"https:\/\/chacosintesis.com.ar\/index.php\/wp-json\/wp\/v2\/posts"}],"about":[{"href":"https:\/\/chacosintesis.com.ar\/index.php\/wp-json\/wp\/v2\/types\/post"}],"author":[{"embeddable":true,"href":"https:\/\/chacosintesis.com.ar\/index.php\/wp-json\/wp\/v2\/users\/1"}],"replies":[{"embeddable":true,"href":"https:\/\/chacosintesis.com.ar\/index.php\/wp-json\/wp\/v2\/comments?post=20466"}],"version-history":[{"count":0,"href":"https:\/\/chacosintesis.com.ar\/index.php\/wp-json\/wp\/v2\/posts\/20466\/revisions"}],"wp:featuredmedia":[{"embeddable":true,"href":"https:\/\/chacosintesis.com.ar\/index.php\/wp-json\/wp\/v2\/media\/20467"}],"wp:attachment":[{"href":"https:\/\/chacosintesis.com.ar\/index.php\/wp-json\/wp\/v2\/media?parent=20466"}],"wp:term":[{"taxonomy":"category","embeddable":true,"href":"https:\/\/chacosintesis.com.ar\/index.php\/wp-json\/wp\/v2\/categories?post=20466"},{"taxonomy":"post_tag","embeddable":true,"href":"https:\/\/chacosintesis.com.ar\/index.php\/wp-json\/wp\/v2\/tags?post=20466"}],"curies":[{"name":"wp","href":"https:\/\/api.w.org\/{rel}","templated":true}]}}