{"id":20462,"date":"2023-04-15T09:07:26","date_gmt":"2023-04-15T12:07:26","guid":{"rendered":"https:\/\/chacosintesis.com.ar\/?p=20462"},"modified":"2023-04-15T09:36:45","modified_gmt":"2023-04-15T12:36:45","slug":"capitanich-destaco-el-espiritu-emprendedor-del-centrochaqueno-expresado-en-la-expo-vivi-la-termal","status":"publish","type":"post","link":"https:\/\/chacosintesis.com.ar\/index.php\/capitanich-destaco-el-espiritu-emprendedor-del-centrochaqueno-expresado-en-la-expo-vivi-la-termal\/","title":{"rendered":"Capitanich destac\u00f3 el esp\u00edritu emprendedor del centrochaque\u00f1o expresado en la expo \u201cViv\u00ed la Termal\u201d"},"content":{"rendered":"<p>El gobernador particip\u00f3 de la apertura de la muestra que hasta el 16 de abril exhibe lo mejor del comercio, la industria y servicios. Habr\u00e1 muestras, charlas, patio gastron\u00f3mico, shows en vivo, sorteos y m\u00e1s. Antes, el mandatario recorri\u00f3 la planta de biodiesel de la Cooperativa S\u00e1enz Pe\u00f1a Limitada.<\/p>\n<p>El gobernador Jorge Capitanich particip\u00f3 de la apertura de la Primera Expo \u201cViv\u00ed La Termal\u201d que del 14 al 16 de abril se desarrollar\u00e1 en Presidencia Roque S\u00e1enz Pe\u00f1a. La muestra exhibe lo mejor del comercio, la industria y los servicios, organizada por la C\u00e1mara de Comercio, Industria, Producci\u00f3n y Servicios de la localidad. Previamente, el mandatario visit\u00f3 la Cooperativa Agropecuaria S\u00e1enz Pe\u00f1a Limitada, para acompa\u00f1ar y darle impulso a una planta de biodiesel.<br \/>\nEn el marco de los festejos por los 84 a\u00f1os de la C\u00e1mara de Comercio, Industria, Producci\u00f3n y Servicios de S\u00e1enz Pe\u00f1a, la entidad decidi\u00f3 celebrar con un evento que se realizar\u00e1 hasta este domingo 16 de abril.<br \/>\n\u201cViv\u00ed la Termal es un evento extraordinario y es interesante para remarcar que tenemos 80 expositores, que es una demostraci\u00f3n extraordinaria de la capacidad del empresariado local\u201d, dijo Capitanich, remarcando que \u201ctodo esto denota el gran esp\u00edritu emprendedor de toda la regi\u00f3n centrochaque\u00f1a\u201d.<br \/>\nDel acto de apertura oficial participaron tambi\u00e9n: el intendente local, Bruno Cipolini; el presidente de la Confederaci\u00f3n Argentina de la Mediana Empresa (CAME), Alfredo Gonz\u00e1lez; el titular de la CAME S\u00e1enz Pe\u00f1a, V\u00edctor Rodolfo Chebuhar; funcionarios y funcionarias provinciales y comunales; y legisladores y legisladoras.<br \/>\n La exposici\u00f3n cuenta con charlas sobre negocios, empresas y comercio, contar\u00e1 un patio gastron\u00f3mico con 16 espacios que ofrecer\u00e1n platos de las colectividades, gastronom\u00eda gourmet, parrilla tradicional y m\u00e1s. Habr\u00e1 un sector de juegos para ni\u00f1os y ni\u00f1as. Tambi\u00e9n, habr\u00e1 espect\u00e1culos art\u00edsticos de artistas nacionales, locales y sorteos.<br \/>\nLa Expo \u201cViv\u00ed la Termal\u201d recibe un fuerte respaldo del Gobierno del Chaco, del Nuevo Banco Del Chaco (sponsor principal), el auspicio de Bolsa de Comercio del Chaco, Mecanagro, Casa de Le\u00f3n y el grupo Disensa, UNCAUS y Sancor Seguros, con el acompa\u00f1amiento de la Confederaci\u00f3n Argentina de la Mediana Empresa (CAME), C\u00e1mara Argentina de Comercio y Servicios (CAC) Federaci\u00f3n Econ\u00f3mica del Chaco y Municipalidad de S\u00e1enz Pe\u00f1a.<br \/>\nTanto \u201cViv\u00ed la termal\u201d como la Fiesta del Algod\u00f3n\u201d, se\u00f1al\u00f3 Capitanich \u201ctienen que ser una concatenaci\u00f3n de cadenas de eventos que muestran el potencial productivo industrial, comercial, y del desarrollo agropecuario de la ciudad\u201d, manifest\u00f3.<br \/>\nPor \u00faltimo, agreg\u00f3: \u201cLos felicito porque con la CAME, instituciones de la localidad demostraron que es posible hacer un evento de esta naturaleza. Seguiremos cooperando como es necesario hacerlo, porque entendemos que el trabajo mancomunado es lo \u00fanico que finalmente permite trascender fronteras y sentir orgullo por lo que somos capaces de hacer\u201d, cerr\u00f3 el gobernador.<br \/>\n A su turno, el intendente Bruno Cipolini, celebr\u00f3 la trascendencia de llevar adelante estos eventos, que permite \u201cgenerar espacios para que cada protagonista del sector industrial, comercial, de servicios tengan la posibilidad de mostrar el inmenso potencial que tienen estos sectores y mostrar el potencial que tiene el municipio\u201d, expres\u00f3.<br \/>\nEl presidente de CAME, Alfredo Gonz\u00e1lez, celebr\u00f3 la generaci\u00f3n de este evento \u201carticulando lo p\u00fablico y privado, como un trabajo que se est\u00e1 viendo ac\u00e1\u201d.  Felicit\u00f3 a la organizaci\u00f3n y el trabajo articulado, ratificando que espacios de esta naturaleza permiten a los empresarios mostrar y hacer el federalismo real dentro de la misma provincia, y mostrar nuestros productos, nuestros servicios para potenciarnos desde el Chaco hacia todo el pa\u00eds\u201d, finaliz\u00f3.<br \/>\nPor \u00faltimo, el presidente de la CAME de S\u00e1enz Pe\u00f1a, V\u00edctor Rodolfo Chebuhar, destac\u00f3 la ejecuci\u00f3n de esta actividad para que \u201cla industria, el comercio y los prestadores de servicios puedan presentar sus novedades, por eso, creemos que esta expo es una forma de salir adelante\u201d dijo.  \u201cCuando trabajan sector p\u00fablico y privado es cuando se obtienen los mejores resultados\u201d manifest\u00f3.<\/p>\n<p>Acompa\u00f1amiento al sector productivo e industrial<br \/>\n A primera hora, Capitanich visit\u00f3 la Cooperativa Agropecuaria S\u00e1enz Pe\u00f1a Limitada para acompa\u00f1ar el emprendimiento de la planta de biodiesel que genera producci\u00f3n a gran escala, con un desarrollo relevante y con un efecto multiplicador en el empleo.<br \/>\n\u201cQueremos avanzar en el procesamiento de soja, que genera pellet y la combinaci\u00f3n para obtener biodiesel, que hoy no tiene un precio diferencial significativo con el di\u00e9sel pero es una fuente de generaci\u00f3n de valor agregado en origen\u201d, se\u00f1al\u00f3 el gobernador, quien estuvo acompa\u00f1ado de la subsecretaria de Industria, Laura Binaghi; y fue recibido por autoridades de la cooperativa, encabezados por el gerente Leonardo Posternak.<br \/>\nLa cooperativa \u2013 la primera en la ciudad \u2013, actualmente, presta servicios como f\u00e1brica de alimentos balanceados, veterinaria, accesorios para el campo, tiene adem\u00e1s una estaci\u00f3n de servicios, acopio de cereales, ferreter\u00eda.<br \/>\n La planta cuenta con 47 trabajadores permanentes. Contaba con una planta de biodiesel que dej\u00f3 de funcionar pero, tras acceder un cr\u00e9dito por 15 millones de pesos a trav\u00e9s del Ministerio de Producci\u00f3n, Industria y Empleo, obtuvo equipos de la empresa Bioenergy (Fontana) para iniciar la producci\u00f3n nuevamente.<br \/>\n\u201cTenemos un gran desaf\u00edo que consiste en la re-dimensionalizaci\u00f3n de la cooperativa y poder potenciar la producci\u00f3n. Hay 50 familias que viven de este trabajo, y aumentando su capacidad instalada se podr\u00e1 generar m\u00e1s empleo de calidad\u201d, destac\u00f3 Capitanich.<br \/>\nJunto a la Uni\u00f3n Agr\u00edcola se est\u00e1 trabajando en una planta de procesamiento de girasol. \u201cHacer aceite y procesar el girasol es muy importante porque nuestra provincia es la tercera productora a nivel nacional. Desarrollar las cadenas de valor es un gran esfuerzo que estamos haciendo. Hoy estamos con 20 cadenas de valor, hemos desarrollado mucho m\u00e1s de lo que hab\u00eda y es necesario seguir haciendo para promover el crecimiento\u201d, cerr\u00f3 el gobernador.<\/p>\n","protected":false},"excerpt":{"rendered":"<p>El gobernador particip\u00f3 de la apertura de la muestra que hasta el 16 de abril exhibe lo mejor del comercio, la industria y servicios. Habr\u00e1 muestras, charlas, patio gastron\u00f3mico, shows en vivo, sorteos y m\u00e1s. Antes, el mandatario recorri\u00f3 la planta de biodiesel de la Cooperativa S\u00e1enz Pe\u00f1a Limitada. El gobernador Jorge Capitanich particip\u00f3 de [&hellip;]<\/p>\n","protected":false},"author":1,"featured_media":20463,"comment_status":"closed","ping_status":"closed","sticky":false,"template":"","format":"standard","meta":{"footnotes":""},"categories":[6],"tags":[],"class_list":{"0":"post-20462","1":"post","2":"type-post","3":"status-publish","4":"format-standard","5":"has-post-thumbnail","7":"category-chaco"},"_links":{"self":[{"href":"https:\/\/chacosintesis.com.ar\/index.php\/wp-json\/wp\/v2\/posts\/20462","targetHints":{"allow":["GET"]}}],"collection":[{"href":"https:\/\/chacosintesis.com.ar\/index.php\/wp-json\/wp\/v2\/posts"}],"about":[{"href":"https:\/\/chacosintesis.com.ar\/index.php\/wp-json\/wp\/v2\/types\/post"}],"author":[{"embeddable":true,"href":"https:\/\/chacosintesis.com.ar\/index.php\/wp-json\/wp\/v2\/users\/1"}],"replies":[{"embeddable":true,"href":"https:\/\/chacosintesis.com.ar\/index.php\/wp-json\/wp\/v2\/comments?post=20462"}],"version-history":[{"count":0,"href":"https:\/\/chacosintesis.com.ar\/index.php\/wp-json\/wp\/v2\/posts\/20462\/revisions"}],"wp:featuredmedia":[{"embeddable":true,"href":"https:\/\/chacosintesis.com.ar\/index.php\/wp-json\/wp\/v2\/media\/20463"}],"wp:attachment":[{"href":"https:\/\/chacosintesis.com.ar\/index.php\/wp-json\/wp\/v2\/media?parent=20462"}],"wp:term":[{"taxonomy":"category","embeddable":true,"href":"https:\/\/chacosintesis.com.ar\/index.php\/wp-json\/wp\/v2\/categories?post=20462"},{"taxonomy":"post_tag","embeddable":true,"href":"https:\/\/chacosintesis.com.ar\/index.php\/wp-json\/wp\/v2\/tags?post=20462"}],"curies":[{"name":"wp","href":"https:\/\/api.w.org\/{rel}","templated":true}]}}