{"id":20458,"date":"2023-04-14T08:22:18","date_gmt":"2023-04-14T11:22:18","guid":{"rendered":"https:\/\/chacosintesis.com.ar\/?p=20458"},"modified":"2023-04-14T08:37:43","modified_gmt":"2023-04-14T11:37:43","slug":"nuestra-provincia-fue-la-unica-que-reconocio-a-soldados-movilizados-y-acuartelados-de-malvinas","status":"publish","type":"post","link":"https:\/\/chacosintesis.com.ar\/index.php\/nuestra-provincia-fue-la-unica-que-reconocio-a-soldados-movilizados-y-acuartelados-de-malvinas\/","title":{"rendered":"\u201cNuestra provincia fue la \u00fanica que reconoci\u00f3 a soldados movilizados y acuartelados de Malvinas\u201d"},"content":{"rendered":"<p>El gobernador comparti\u00f3 un emotivo homenaje a quienes participaron de la gesta de 1982 como soldados movilizados en el territorio, y dio a conocer detalles del incremento de base en las pensiones graciables que perciben.<br \/>\n El gobernador Jorge Capitanich comparti\u00f3 este jueves, en el Centro de Convenciones Gala de Resistencia, un emotivo reconocimiento a los soldados movilizados y acuartelados que participaron con coraje de la gesta heroica de 1982 en Malvinas, para la defensa de la soberan\u00eda argentina. En la ocasi\u00f3n, anunci\u00f3 un incremento de base en las pensiones graciables que reciben los integrantes del sector que participaron del conflicto b\u00e9lico.<br \/>\n\u201cHoy tengo que decir con orgullo que la provincia del Chaco fue la \u00fanica que ha reconocido a movilizados y acuartelados en la Rep\u00fablica Argentina trav\u00e9s de un programa efectivo y sistem\u00e1tico que ha superado lo que era el cuarto de la pensi\u00f3n de ex combatientes\u201d, destac\u00f3 durante el acto en el que estuvo acompa\u00f1ado por el subsecretario de Gobierno de la provincia. Ra\u00fal Bittel.<\/p>\n<p>Ante un auditorio de 2500 presentes, el gobernador anunci\u00f3 un programa de incremento del beneficio que perciben los movilizados y acuartelados que son casi 3.000 en toda la provincia. \u201cTenemos el compromiso para que durante este a\u00f1o la actualizaci\u00f3n de la pensi\u00f3n implique superar la inflaci\u00f3n para garantizar el poder adquisitivo de cada uno de nuestros h\u00e9roes\u201d, destac\u00f3.<br \/>\nChaco, con la Ley 2017-H que otorga pensiones graciables a ex soldados acuartelados, convocados y\/o movilizados chaque\u00f1os, fue una provincia pionera en reconocer a quienes fueron parte de la historia de la guerra de Malvinas.<br \/>\n Luego, record\u00f3 que el 10% de los ca\u00eddos en Malvinas fueron chaque\u00f1os, quienes \u201cvalerosamente dispusieron y ofrendaron su vida para la recuperaci\u00f3n de nuestro territorio\u201d. \u201cLo que hoy estamos haciendo es potenciar la causa Malvinas como un proceso de concientizaci\u00f3n colectiva de nuestro pueblo\u201d, indic\u00f3.<br \/>\nAdem\u00e1s, el gobernador subray\u00f3 que \u201cMalvinas jam\u00e1s ser\u00e1 negociada, porque la sangre derramada jam\u00e1s puede ni debe ser negociada\u201d. \u201cDebemos reivindicar en cada lugar, en cada plaza y en cada espacio lo que significa haber luchado por una porci\u00f3n de nuestro territorio y por el presente y futuro de nuestra patria\u201d, agreg\u00f3.<br \/>\nFinalmente, salud\u00f3 a quienes acompa\u00f1aron este reconocimiento: \u201cEstamos felices de compartir esta convocatoria que permite reivindicar para siempre nuestra soberan\u00eda y decir Malvinas ahora y siempre\u201d.<\/p>\n<p>Reconocimientos y beneficios<br \/>\n La pensi\u00f3n para movilizados tendr\u00e1 un aumento de base, equivalente al de la Administraci\u00f3n P\u00fablica al que se sumar\u00e1 un adicional a partir de una recategorizaci\u00f3n en etapas, con un esquema de aumentos mensual, a partir de enero de 2023.<br \/>\nAl respecto, el gobernador ratific\u00f3 a los presentes que, am\u00e9n de las actualizaciones semestrales previstas, \u201cen el transcurso de este a\u00f1o la actualizaci\u00f3n de la pensi\u00f3n implicar\u00e1 superar la inflaci\u00f3n, para garantizar el poder adquisitivo del ingreso para cada uno de ustedes\u201d, afirm\u00f3.<br \/>\nA su vez, anunci\u00f3 \u201cel compromiso de establecer nuevas estrategias de recategorizaci\u00f3n que implique definitivamente ese reconocimiento que se merecen\u201d, que significa \u201cdarle a cada uno el lugar que le corresponde\u201d.<\/p>\n","protected":false},"excerpt":{"rendered":"<p>El gobernador comparti\u00f3 un emotivo homenaje a quienes participaron de la gesta de 1982 como soldados movilizados en el territorio, y dio a conocer detalles del incremento de base en las pensiones graciables que perciben. El gobernador Jorge Capitanich comparti\u00f3 este jueves, en el Centro de Convenciones Gala de Resistencia, un emotivo reconocimiento a los [&hellip;]<\/p>\n","protected":false},"author":1,"featured_media":20459,"comment_status":"closed","ping_status":"closed","sticky":false,"template":"","format":"standard","meta":{"footnotes":""},"categories":[6],"tags":[],"class_list":{"0":"post-20458","1":"post","2":"type-post","3":"status-publish","4":"format-standard","5":"has-post-thumbnail","7":"category-chaco"},"_links":{"self":[{"href":"https:\/\/chacosintesis.com.ar\/index.php\/wp-json\/wp\/v2\/posts\/20458","targetHints":{"allow":["GET"]}}],"collection":[{"href":"https:\/\/chacosintesis.com.ar\/index.php\/wp-json\/wp\/v2\/posts"}],"about":[{"href":"https:\/\/chacosintesis.com.ar\/index.php\/wp-json\/wp\/v2\/types\/post"}],"author":[{"embeddable":true,"href":"https:\/\/chacosintesis.com.ar\/index.php\/wp-json\/wp\/v2\/users\/1"}],"replies":[{"embeddable":true,"href":"https:\/\/chacosintesis.com.ar\/index.php\/wp-json\/wp\/v2\/comments?post=20458"}],"version-history":[{"count":0,"href":"https:\/\/chacosintesis.com.ar\/index.php\/wp-json\/wp\/v2\/posts\/20458\/revisions"}],"wp:featuredmedia":[{"embeddable":true,"href":"https:\/\/chacosintesis.com.ar\/index.php\/wp-json\/wp\/v2\/media\/20459"}],"wp:attachment":[{"href":"https:\/\/chacosintesis.com.ar\/index.php\/wp-json\/wp\/v2\/media?parent=20458"}],"wp:term":[{"taxonomy":"category","embeddable":true,"href":"https:\/\/chacosintesis.com.ar\/index.php\/wp-json\/wp\/v2\/categories?post=20458"},{"taxonomy":"post_tag","embeddable":true,"href":"https:\/\/chacosintesis.com.ar\/index.php\/wp-json\/wp\/v2\/tags?post=20458"}],"curies":[{"name":"wp","href":"https:\/\/api.w.org\/{rel}","templated":true}]}}