{"id":20454,"date":"2023-04-14T08:10:23","date_gmt":"2023-04-14T11:10:23","guid":{"rendered":"https:\/\/chacosintesis.com.ar\/?p=20454"},"modified":"2023-04-14T08:37:42","modified_gmt":"2023-04-14T11:37:42","slug":"polini-en-san-martin-el-chaco-que-viene-no-es-para-tibios","status":"publish","type":"post","link":"https:\/\/chacosintesis.com.ar\/index.php\/polini-en-san-martin-el-chaco-que-viene-no-es-para-tibios\/","title":{"rendered":"Polini en San Mart\u00ecn: &#8220;El Chaco que viene no es para tibios&#8221;"},"content":{"rendered":"<p>El farmac\u00e9utico, productor agropecuario, comerciante y precandidato a gobernador del Chaco, Juan Carlos Polini, se reuni\u00f3 con militantes y simpatizantes de Juntos Por el Cambio en General San Mart\u00edn. Ante un sal\u00f3n colmado, se present\u00f3 la precandidatura a intendente local de Charc\u00f3n Torres. Estuvieron acompa\u00f1ando el encuentro el senador nacional V\u00edctor Zimmermann, diputados provinciales, intendentes y concejales.<br \/>\n Polini se refiri\u00f3 a la realidad provincial \u201cSomos la provincia con m\u00e1s pobres e indigentes de la regi\u00f3n a pesar de ser la que m\u00e1s dinero recibe de las del NEA, nada funciona bien, la salud esta en terapia intensiva, la calidad educativa es una de las peores del pa\u00eds, la inseguridad se ha adue\u00f1ado de los pueblos y ciudades, no hay libertad de circulaci\u00f3n, se les pisa la cabeza con impuestos y tarifazos a quienes apuestan al trabajo, emprendedores, pymes, comercios, industrias, as\u00ed como est\u00e1n las cosas tenemos una provincia inviable, sin futuro, por eso el Chaco que viene no es para tibios, por eso me involucr\u00e9 en pol\u00edtica, me cans\u00e9 de los que hablan y no hacen nada, tengo las ganas, el compromiso, la convicci\u00f3n y la decisi\u00f3n  para llevar adelante los cambios que haya que hacer\u201d<br \/>\n \u201cEntiendo a los comerciantes, a los emprendedores, a los empresarios porque soy un trabajador del sector, me levanto todos los d\u00edas a las 6 de la ma\u00f1ana a pensar c\u00f3mo cumplir con los impuestos, liquidar sueldos, para seguir creciendo y apostar al Chaco, por eso desde el 10 de diciembre vamos a contar con un Estado presente, que apoye y acompa\u00f1e de verdad al sector privado porque es quien nos ayudar\u00e1n a salir de la crisis.\u201d<br \/>\n Finalmente expres\u00f3 \u201cLos invito a caminar hacia el Chaco del ma\u00f1ana, ese que nos merecemos, que todos queremos disfrutar, hoy la provincia y General San Mart\u00edn nos necesitan trabajando en un proyecto serio y comprometido, por eso abrazo a Charc\u00f3n que tiene toda la voluntad puesta en construir una ciudad mejor, en el marco de un proyecto conjunto desarroll\u00e1ndonos como polo productivo, tur\u00edstico y de inversi\u00f3n, necesitamos que todos participen de esta idea\u201d.<\/p>\n","protected":false},"excerpt":{"rendered":"<p>El farmac\u00e9utico, productor agropecuario, comerciante y precandidato a gobernador del Chaco, Juan Carlos Polini, se reuni\u00f3 con militantes y simpatizantes de Juntos Por el Cambio en General San Mart\u00edn. Ante un sal\u00f3n colmado, se present\u00f3 la precandidatura a intendente local de Charc\u00f3n Torres. Estuvieron acompa\u00f1ando el encuentro el senador nacional V\u00edctor Zimmermann, diputados provinciales, intendentes [&hellip;]<\/p>\n","protected":false},"author":1,"featured_media":20455,"comment_status":"closed","ping_status":"closed","sticky":false,"template":"","format":"standard","meta":{"footnotes":""},"categories":[6],"tags":[],"class_list":{"0":"post-20454","1":"post","2":"type-post","3":"status-publish","4":"format-standard","5":"has-post-thumbnail","7":"category-chaco"},"_links":{"self":[{"href":"https:\/\/chacosintesis.com.ar\/index.php\/wp-json\/wp\/v2\/posts\/20454","targetHints":{"allow":["GET"]}}],"collection":[{"href":"https:\/\/chacosintesis.com.ar\/index.php\/wp-json\/wp\/v2\/posts"}],"about":[{"href":"https:\/\/chacosintesis.com.ar\/index.php\/wp-json\/wp\/v2\/types\/post"}],"author":[{"embeddable":true,"href":"https:\/\/chacosintesis.com.ar\/index.php\/wp-json\/wp\/v2\/users\/1"}],"replies":[{"embeddable":true,"href":"https:\/\/chacosintesis.com.ar\/index.php\/wp-json\/wp\/v2\/comments?post=20454"}],"version-history":[{"count":0,"href":"https:\/\/chacosintesis.com.ar\/index.php\/wp-json\/wp\/v2\/posts\/20454\/revisions"}],"wp:featuredmedia":[{"embeddable":true,"href":"https:\/\/chacosintesis.com.ar\/index.php\/wp-json\/wp\/v2\/media\/20455"}],"wp:attachment":[{"href":"https:\/\/chacosintesis.com.ar\/index.php\/wp-json\/wp\/v2\/media?parent=20454"}],"wp:term":[{"taxonomy":"category","embeddable":true,"href":"https:\/\/chacosintesis.com.ar\/index.php\/wp-json\/wp\/v2\/categories?post=20454"},{"taxonomy":"post_tag","embeddable":true,"href":"https:\/\/chacosintesis.com.ar\/index.php\/wp-json\/wp\/v2\/tags?post=20454"}],"curies":[{"name":"wp","href":"https:\/\/api.w.org\/{rel}","templated":true}]}}