{"id":20447,"date":"2023-04-13T17:30:58","date_gmt":"2023-04-13T20:30:58","guid":{"rendered":"https:\/\/chacosintesis.com.ar\/?p=20447"},"modified":"2023-04-13T17:37:04","modified_gmt":"2023-04-13T20:37:04","slug":"viviendas-para-20-familias-de-la-cgt-este-es-un-legado-para-sus-hijos-dijo-capitanich","status":"publish","type":"post","link":"https:\/\/chacosintesis.com.ar\/index.php\/viviendas-para-20-familias-de-la-cgt-este-es-un-legado-para-sus-hijos-dijo-capitanich\/","title":{"rendered":"Viviendas para 20 familias de la CGT: \u201cEste es un legado para sus hijos\u201d, dijo Capitanich"},"content":{"rendered":"<p>Es la primera entrega de un total de 300 casas que se construir\u00e1n, 150 ser\u00e1n en Resistencia y 150 en el interior de la provincia.<\/p>\n<p>El gobernador Jorge Capitanich, junto al presidente del Instituto Provincial de Desarrollo Urbano y Vivienda, Diego Ar\u00e9valo, hizo entrega de las primeras viviendas del Barrio CGT de Resistencia, cumpliendo el sue\u00f1o de la casa propia para 20 familias de la Delegaci\u00f3n Chaco de la Confederaci\u00f3n General del Trabajo (CGT). Acompa\u00f1aron a los funcionarios, los delegados provinciales del sindicato. El mandatario explic\u00f3 que se est\u00e1n garantizando dos derechos fundamentales: \u201cprimero, el derecho al trabajo digno porque hoy tenemos cerca de 15.000 trabajadores de la construcci\u00f3n accediendo al empleo; y el segundo, el derecho a la casa propia, que significa dejar de alquilar y es un legado para nuestros hijos\u201d.<br \/>\nLa construcci\u00f3n de estas viviendas fue posible por el convenio de transferencia de la titularidad de tierras del Ex Campo de Tiro, que son casi 3900 hect\u00e1reas, cedidas por el gobierno nacional y el financiamiento del programa Casa Propia Construir Futuro. Esta obra no solo implic\u00f3 la construcci\u00f3n de las casas, sino una serie de trabajos como la apertura de calles, veredas, desag\u00fces, alumbrado p\u00fablico; y que queda por delante, el desarrollo de infraestructura social b\u00e1sica para hacer de esta barriada un espacio con centro de salud, escuelas, plazas y plazoletas p\u00fablicas.  El Barrio de CGT est\u00e1 entre los canales 16 y Quijano, donde tambi\u00e9n se realizaron intervenciones para ampliar la capacidad de desag\u00fces pluviales.<br \/>\nAdri\u00e1n Bellomi, delegado de la CGT Chaco, dijo que \u201cestos son los trabajadores que nos est\u00e1n pidiendo soluciones para sus viviendas y este sue\u00f1o solo es posible en un gobierno con la sensibilidad y el compromiso del Justicialismo\u201d. Capitanich anunci\u00f3 que con la CGT \u201cest\u00e1 previsto un mecanismo para 700 loteos urbanos, con financiamiento y a la construcci\u00f3n de viviendas para m\u00e1s familias del sector\u201d.<br \/>\nEl mandatario chaque\u00f1o finaliz\u00f3 su discurso diciendo que \u201cnuestra ense\u00f1anza radica en Juan Domingo Per\u00f3n y la Constituci\u00f3n de 1949, con acceso a la vivienda digna y en la posibilidad de que los trabajadores y trabajadoras, como movimiento obrero organizado, sean capaces de defender los intereses de la clase trabajadora e impulsar para aquellos que no trabajan el desarrollo productivo, social y econ\u00f3mico para que todos tengan trabajo digno con salario digno\u201d.<\/p>\n<p>La casa propia<br \/>\nCapitanich record\u00f3 que durante su gesti\u00f3n se ejecuta un plan de 1.500 viviendas para Resistencia, con distintos grados de avance; adem\u00e1s de mecanismos de financiamiento para la construcci\u00f3n de departamentos para lograr el acceso a la vivienda digna. Para toda la provincia, est\u00e1n proyectadas 10.000 viviendas durante la gesti\u00f3n y unas 25.000 soluciones habitacionales. \u201cFuimos la \u00fanica provincia en la Rep\u00fablica Argentina en donde se construyeron m\u00e1s viviendas que el incremento poblacional y esto fue posible gracias a un conjunto de pol\u00edticas p\u00fablicas dedicadas a incrementar las inversiones para volcarlas en el sector\u201d, remarc\u00f3 el gobernador.  \u201cHoy un beneficiario paga una cuota de $16.000 contra un alquiler con un piso de $50.000, lo que significa un ahorro enorme para el ingreso familiar\u201d, resalt\u00f3.<br \/>\nPor su parte, Ar\u00e9valo explic\u00f3 que \u201ceste acto es la continuidad de lo que hicimos la semana pasada en el sorteo de viviendas para el sector y hoy estamos concretando el sue\u00f1o de la casa propia de tantas trabajadoras y trabajadores. Estamos muy contentos de poder ser parte de la seguridad que les da tener su casa propia: a partir de eso la vida se ordena y las familias beneficiadas pueden so\u00f1ar con m\u00e1s cosas\u201d.<\/p>\n","protected":false},"excerpt":{"rendered":"<p>Es la primera entrega de un total de 300 casas que se construir\u00e1n, 150 ser\u00e1n en Resistencia y 150 en el interior de la provincia. El gobernador Jorge Capitanich, junto al presidente del Instituto Provincial de Desarrollo Urbano y Vivienda, Diego Ar\u00e9valo, hizo entrega de las primeras viviendas del Barrio CGT de Resistencia, cumpliendo el [&hellip;]<\/p>\n","protected":false},"author":1,"featured_media":20448,"comment_status":"closed","ping_status":"closed","sticky":false,"template":"","format":"standard","meta":{"footnotes":""},"categories":[6],"tags":[],"class_list":{"0":"post-20447","1":"post","2":"type-post","3":"status-publish","4":"format-standard","5":"has-post-thumbnail","7":"category-chaco"},"_links":{"self":[{"href":"https:\/\/chacosintesis.com.ar\/index.php\/wp-json\/wp\/v2\/posts\/20447","targetHints":{"allow":["GET"]}}],"collection":[{"href":"https:\/\/chacosintesis.com.ar\/index.php\/wp-json\/wp\/v2\/posts"}],"about":[{"href":"https:\/\/chacosintesis.com.ar\/index.php\/wp-json\/wp\/v2\/types\/post"}],"author":[{"embeddable":true,"href":"https:\/\/chacosintesis.com.ar\/index.php\/wp-json\/wp\/v2\/users\/1"}],"replies":[{"embeddable":true,"href":"https:\/\/chacosintesis.com.ar\/index.php\/wp-json\/wp\/v2\/comments?post=20447"}],"version-history":[{"count":0,"href":"https:\/\/chacosintesis.com.ar\/index.php\/wp-json\/wp\/v2\/posts\/20447\/revisions"}],"wp:featuredmedia":[{"embeddable":true,"href":"https:\/\/chacosintesis.com.ar\/index.php\/wp-json\/wp\/v2\/media\/20448"}],"wp:attachment":[{"href":"https:\/\/chacosintesis.com.ar\/index.php\/wp-json\/wp\/v2\/media?parent=20447"}],"wp:term":[{"taxonomy":"category","embeddable":true,"href":"https:\/\/chacosintesis.com.ar\/index.php\/wp-json\/wp\/v2\/categories?post=20447"},{"taxonomy":"post_tag","embeddable":true,"href":"https:\/\/chacosintesis.com.ar\/index.php\/wp-json\/wp\/v2\/tags?post=20447"}],"curies":[{"name":"wp","href":"https:\/\/api.w.org\/{rel}","templated":true}]}}