{"id":204018,"date":"2026-02-02T12:09:37","date_gmt":"2026-02-02T15:09:37","guid":{"rendered":"https:\/\/chacosintesis.com.ar\/index.php\/gallardo-hablo-de-la-sequia-de-sus-delanteros-y-explico-por-que-river-no-trajo-un-9-en-el-mercado-de-pases\/"},"modified":"2026-02-02T12:09:37","modified_gmt":"2026-02-02T15:09:37","slug":"gallardo-hablo-de-la-sequia-de-sus-delanteros-y-explico-por-que-river-no-trajo-un-9-en-el-mercado-de-pases","status":"publish","type":"post","link":"https:\/\/chacosintesis.com.ar\/index.php\/gallardo-hablo-de-la-sequia-de-sus-delanteros-y-explico-por-que-river-no-trajo-un-9-en-el-mercado-de-pases\/","title":{"rendered":"Gallardo habl\u00f3 de la sequ\u00eda de sus delanteros y explic\u00f3 por qu\u00e9 River no trajo \u201cun 9\u201d en el mercado de pases"},"content":{"rendered":"<p><\/p>\n<div>\t\t<!-- { REGION4 --> <\/p>\n<header class=\"news-headline\">\n<div class=\"news-headline__topics-and-date-wrapper\">    <span class=\"news-headline__publication-date\"> 2 de febrero 2026 &#8211; 11:13<br \/>\n            <\/span><\/div>\n<h2 class=\"news-headline__article-summary\">\t\t<\/h2>\n<p class=\"ignore-parser\">El entrenador de River justific\u00f3 la no incorporaci\u00f3n de un delantero goleador en este mercado de pases y valor\u00f3 el funcionamiento de su equipo, advirtiendo que con el tiempo se dar\u00e1n los goles de sus atacantes, que atraviesan una sequ\u00eda enorme.<\/p>\n<\/header>\n<div class=\"detail-highlighted-multimedia content-protected-false\">\n<figure class=\"detail-highlighted-multimedia__figure\">  <img loading=\"lazy\" loading=\"lazy\" decoding=\"async\" src=\"data:image\/gif;base64,R0lGODlhAQABAIAAAAAAAP\/\/\/ywAAAAAAQABAAACAUwAOw==\" fifu-lazy=\"1\" fifu-data-sizes=\"auto\" fifu-data-srcset=\"https:\/\/i3.wp.com\/chacosintesis.com.ar\/wp-content\/uploads\/2026\/02\/Gallardo-hablo-de-la-sequia-de-sus-delanteros-y-explico.png?ssl=1&w=75&resize=75&ssl=1 75w, https:\/\/i3.wp.com\/chacosintesis.com.ar\/wp-content\/uploads\/2026\/02\/Gallardo-hablo-de-la-sequia-de-sus-delanteros-y-explico.png?ssl=1&w=100&resize=100&ssl=1 100w, https:\/\/i3.wp.com\/chacosintesis.com.ar\/wp-content\/uploads\/2026\/02\/Gallardo-hablo-de-la-sequia-de-sus-delanteros-y-explico.png?ssl=1&w=150&resize=150&ssl=1 150w, https:\/\/i3.wp.com\/chacosintesis.com.ar\/wp-content\/uploads\/2026\/02\/Gallardo-hablo-de-la-sequia-de-sus-delanteros-y-explico.png?ssl=1&w=240&resize=240&ssl=1 240w, https:\/\/i3.wp.com\/chacosintesis.com.ar\/wp-content\/uploads\/2026\/02\/Gallardo-hablo-de-la-sequia-de-sus-delanteros-y-explico.png?ssl=1&w=320&resize=320&ssl=1 320w, https:\/\/i3.wp.com\/chacosintesis.com.ar\/wp-content\/uploads\/2026\/02\/Gallardo-hablo-de-la-sequia-de-sus-delanteros-y-explico.png?ssl=1&w=500&resize=500&ssl=1 500w, https:\/\/i3.wp.com\/chacosintesis.com.ar\/wp-content\/uploads\/2026\/02\/Gallardo-hablo-de-la-sequia-de-sus-delanteros-y-explico.png?ssl=1&w=640&resize=640&ssl=1 640w, https:\/\/i3.wp.com\/chacosintesis.com.ar\/wp-content\/uploads\/2026\/02\/Gallardo-hablo-de-la-sequia-de-sus-delanteros-y-explico.png?ssl=1&w=800&resize=800&ssl=1 800w, https:\/\/i3.wp.com\/chacosintesis.com.ar\/wp-content\/uploads\/2026\/02\/Gallardo-hablo-de-la-sequia-de-sus-delanteros-y-explico.png?ssl=1&w=1024&resize=1024&ssl=1 1024w, https:\/\/i3.wp.com\/chacosintesis.com.ar\/wp-content\/uploads\/2026\/02\/Gallardo-hablo-de-la-sequia-de-sus-delanteros-y-explico.png?ssl=1&w=1280&resize=1280&ssl=1 1280w, https:\/\/i3.wp.com\/chacosintesis.com.ar\/wp-content\/uploads\/2026\/02\/Gallardo-hablo-de-la-sequia-de-sus-delanteros-y-explico.png?ssl=1&w=1600&resize=1600&ssl=1 1600w\" fifu-data-src=\"https:\/\/i3.wp.com\/chacosintesis.com.ar\/wp-content\/uploads\/2026\/02\/Gallardo-hablo-de-la-sequia-de-sus-delanteros-y-explico.png?ssl=1\" class=\"detail-highlighted-multimedia__figure-img img-fluid\" alt=\"Gallardo habl\u00f3 de la sequ\u00eda de sus delanteros y explic\u00f3 por qu\u00e9 River no trajo un 9 en el mercado de pases\" width=\"655\" height=\"368\"\/><figcaption class=\"detail-highlighted-multimedia__figcaption\">  <\/figcaption><\/figure>\n<\/p><\/div>\n<article class=\"article-body article-body--first-paragraph content-protected-false\" data-td-script-src=\"https:\/\/www.ambito.com\/td\/modulos\/encuestas\/js\/function-embeds-min-version-1770005200.js\">\n<p>Tras el <a href=\"https:\/\/www.ambito.com\/deportes\/river-visitara-rosario-central-el-torneo-apertura-que-hora-donde-se-puede-ver-y-posibles-formaciones-n6241170\" target=\"_blank\" rel=\"follow\">empate sin goles<\/a> entre <strong>River<\/strong> y <strong>Rosario Central<\/strong>, por la fecha 3 del <strong>Torneo Apertura 2026<\/strong>, <strong>Marcelo Gallardo <\/strong>analiz\u00f3 el encuentro y respondi\u00f3 sobre el momento que viven sus delanteros. La apat\u00eda ofensiva del &#8220;Millonario&#8221; enciende las alarmas de sus hinchas.<\/p>\n<\/article>\n<section class=\"suscription-false printed-edition\" style=\"display:none\">\n<p> El contenido al que quiere acceder es exclusivo para suscriptores.<\/p>\n<p>  <span> <button type=\"button\" name=\"button\" class=\"subscribe-btn mercadopago-btn\">suscribirse<\/button><\/span>  <span class=\"btns\"><button type=\"button\" name=\"button\" class=\"subscribe-btn reload-login\"> ya estoy suscripto<\/button><\/span>  <\/p>\n<\/section>\n<article class=\"article-body article-body--second-paragraph content-protected-false\">\n<p>En tanto, <strong>Gallardo<\/strong> primero sac\u00f3 pecho por el rendimiento de <strong>River,<\/strong> en especial en el primer tiempo. <strong>&#8220;Queda el sinsabor por no poder convertir. Tengo que destacar el buen funcionamiento del equipo. Vinimos a una cancha complicada y asumimos el rol protag\u00f3nico. No pudimos convertir, pero hubo un buen control del juego. Me sent\u00ed identificado. En el segundo tiempo ellos empujaron de otra manera y lo emparejaron. Nos falt\u00f3 frescura con los cambios. Me voy conforme con el funcionamiento. El gol va a llegar&#8221;<\/strong>, coment\u00f3.<\/p>\n<\/article>\n<section class=\"related-news\">\n<div class=\"row row--eq-height\">\n<div class=\"col-12 col-md-6\">\n<article class=\"news-article news-article--landscape-news news-article--landscape-news\">\n<figure class=\"news-article__figure figure\">\t\t<a href=\"https:\/\/www.ambito.com\/deportes\/boca-recibe-newells-el-torneo-apertura-que-hora-donde-se-puede-ver-y-posibles-formaciones-n6241158\" target=\"\" title=\"\u00e1mbito.com | Boca se hizo fuerte en La Bombonera y venci\u00f3 a Newells por 2 a 0\" alt=\"\u00e1mbito.com | Boca se hizo fuerte en La Bombonera y venci\u00f3 a Newells por 2 a 0\" rel=\"noindex nofollow noreferrer\"><br \/>\n\t\t\t\t\t\t\t\t\t\t\t<img loading=\"lazy\" loading=\"lazy\" decoding=\"async\" src=\"data:image\/gif;base64,R0lGODlhAQABAIAAAAAAAP\/\/\/ywAAAAAAQABAAACAUwAOw==\" fifu-lazy=\"1\" fifu-data-sizes=\"auto\" fifu-data-srcset=\"https:\/\/i2.wp.com\/chacosintesis.com.ar\/wp-content\/uploads\/2026\/02\/Gallardo-hablo-de-la-sequia-de-sus-delanteros-y-explico.webp.webp?ssl=1&w=75&resize=75&ssl=1 75w, https:\/\/i2.wp.com\/chacosintesis.com.ar\/wp-content\/uploads\/2026\/02\/Gallardo-hablo-de-la-sequia-de-sus-delanteros-y-explico.webp.webp?ssl=1&w=100&resize=100&ssl=1 100w, https:\/\/i2.wp.com\/chacosintesis.com.ar\/wp-content\/uploads\/2026\/02\/Gallardo-hablo-de-la-sequia-de-sus-delanteros-y-explico.webp.webp?ssl=1&w=150&resize=150&ssl=1 150w, https:\/\/i2.wp.com\/chacosintesis.com.ar\/wp-content\/uploads\/2026\/02\/Gallardo-hablo-de-la-sequia-de-sus-delanteros-y-explico.webp.webp?ssl=1&w=240&resize=240&ssl=1 240w, https:\/\/i2.wp.com\/chacosintesis.com.ar\/wp-content\/uploads\/2026\/02\/Gallardo-hablo-de-la-sequia-de-sus-delanteros-y-explico.webp.webp?ssl=1&w=320&resize=320&ssl=1 320w, https:\/\/i2.wp.com\/chacosintesis.com.ar\/wp-content\/uploads\/2026\/02\/Gallardo-hablo-de-la-sequia-de-sus-delanteros-y-explico.webp.webp?ssl=1&w=500&resize=500&ssl=1 500w, https:\/\/i2.wp.com\/chacosintesis.com.ar\/wp-content\/uploads\/2026\/02\/Gallardo-hablo-de-la-sequia-de-sus-delanteros-y-explico.webp.webp?ssl=1&w=640&resize=640&ssl=1 640w, https:\/\/i2.wp.com\/chacosintesis.com.ar\/wp-content\/uploads\/2026\/02\/Gallardo-hablo-de-la-sequia-de-sus-delanteros-y-explico.webp.webp?ssl=1&w=800&resize=800&ssl=1 800w, https:\/\/i2.wp.com\/chacosintesis.com.ar\/wp-content\/uploads\/2026\/02\/Gallardo-hablo-de-la-sequia-de-sus-delanteros-y-explico.webp.webp?ssl=1&w=1024&resize=1024&ssl=1 1024w, https:\/\/i2.wp.com\/chacosintesis.com.ar\/wp-content\/uploads\/2026\/02\/Gallardo-hablo-de-la-sequia-de-sus-delanteros-y-explico.webp.webp?ssl=1&w=1280&resize=1280&ssl=1 1280w, https:\/\/i2.wp.com\/chacosintesis.com.ar\/wp-content\/uploads\/2026\/02\/Gallardo-hablo-de-la-sequia-de-sus-delanteros-y-explico.webp.webp?ssl=1&w=1600&resize=1600&ssl=1 1600w\" fifu-data-src=\"https:\/\/i2.wp.com\/chacosintesis.com.ar\/wp-content\/uploads\/2026\/02\/Gallardo-hablo-de-la-sequia-de-sus-delanteros-y-explico.webp.webp?ssl=1\" alt=\"Boca se impuso 2-0 ante Newells en La Bombonera y volvi\u00f3 al triunfo en el campeonato.\" title=\"Boca se impuso 2-0 ante Newells en La Bombonera y volvi\u00f3 al triunfo en el campeonato.\" width=\"93\" height=\"52\" class=\"news-article__figure-img figure-img img-fluid\"\/>  <span class=\"news-article__media-badge news-article__media-badge--video\"\/><\/a>\t\t<\/figure>\n<\/article><\/div>\n<\/div>\n<\/section>\n<article class=\"article-body article-body--third-paragraph content-protected-false\">\n<p><strong>&#8220;Hablaron de que River iba a tener una prueba porque no hab\u00edamos jugado contra nadie. Vinimos, nos plantamos y jugamos como nosotros quer\u00edamos. Podr\u00edamos haber hecho un gol en el primer tiempo. En lo que vi hoy, me pareci\u00f3 que sigue habiendo evoluci\u00f3n&#8221;<\/strong>, se despach\u00f3 el entrenador, presionado por conseguir resultados tras un <strong>2025<\/strong> p\u00e9simo.<\/p>\n<\/article>\n<article class=\"article-body article-body--fourth-paragraph content-protected-false\">\n<p>Sobre la alarmante sequ\u00eda de sus delanteros, donde <strong>Colidio y Driussi no meten un gol desde hace 6 meses<\/strong>, Gallardo opin\u00f3 lo siguiente:<\/p>\n<\/article>\n<article class=\"article-body article-body--fifth-paragraph content-protected-false\">\n<p><strong>&#8220;Salas es delantero. Nosotros no solemos jugar con un 9 de referencia. Entramos y salimos. Es el sistema que tenemos para jugar. En mi gesti\u00f3n, solo en caso puntuales tuvimos delanteros que sean referencia. Ahora se va a hablar que no hacen goles. Lo t\u00edpico. Driussi no hac\u00eda goles y despu\u00e9s empez\u00f3 a hacer. Con el funcionamiento van a convertir. Estoy tranquilo porque veo evoluci\u00f3n en el juego&#8221;<\/strong>, valor\u00f3 el &#8216;Mu\u00f1eco&#8217;.<\/p>\n<\/article>\n<article class=\"article-body article-body--remaining-paragraph content-protected-false\">\n<p><strong>Marcelo Gallardo <\/strong>dio detalles de c\u00f3mo se mueve el &#8220;Millonario&#8221; en el <strong>mercado de pases <\/strong>y por qu\u00e9 no lleg\u00f3 el tan esperado centrodelantero, en un plantel que se qued\u00f3 ac\u00e9falo de un &#8220;9&#8221; tras la salida de <strong>Borja.<\/strong><\/p>\n<p>En ese aspecto, el DT simplemente se resign\u00f3: <strong>&#8220;No es f\u00e1cil ir a buscar un delantero que venga y juegue. No es f\u00e1cil. Estuvimos y seguimos en el mercado, pero conseguir jugadores para River es dif\u00edcil. No es traer por traer. Dentro de eso intento ser cauto y ver tambi\u00e9n qu\u00e9 nos pueden dar los chicos en la competencia por los puntos. Es un periodo hasta mitad de a\u00f1o en el que creo que tengo un plantel para pelear. Entiendo que se diga que River tiene que traer un 9, pero es una opini\u00f3n facilista. \u00bfDe qu\u00e9 sirve dar nombres propios si no hay posibilidades reales?&#8221;<\/strong>, finaliz\u00f3.<\/p>\n<\/article>\n<p>\t\t\t\t<!-- REGION4 } -->\n\t\t\t\t\t\t<\/div>\n<p><script>\n!function(f,b,e,v,n,t,s)\n{if(f.fbq)return;n=f.fbq=function(){n.callMethod?\nn.callMethod.apply(n,arguments):n.queue.push(arguments)};\nif(!f._fbq)f._fbq=n;n.push=n;n.loaded=!0;n.version='2.0';\nn.queue=[];t=b.createElement(e);t.async=!0;\nt.src=v;s=b.getElementsByTagName(e)[0];\ns.parentNode.insertBefore(t,s)}(window,document,'script',\n'https:\/\/connect.facebook.net\/en_US\/fbevents.js');\nfbq('init', '2047048335588113');\nfbq('track', 'PageView');\n<\/script><\/p>\n<p>Ambito.-<\/p>\n","protected":false},"excerpt":{"rendered":"<p>2 de febrero 2026 &#8211; 11:13 El entrenador de River justific\u00f3 la no incorporaci\u00f3n de un delantero goleador en este mercado de pases y valor\u00f3 el funcionamiento de su equipo, advirtiendo que con el tiempo se dar\u00e1n los goles de sus atacantes, que atraviesan una sequ\u00eda enorme. Tras el empate sin goles entre River y [&hellip;]<\/p>\n","protected":false},"author":1,"featured_media":204029,"comment_status":"closed","ping_status":"","sticky":false,"template":"","format":"standard","meta":{"footnotes":""},"categories":[7],"tags":[],"class_list":{"0":"post-204018","1":"post","2":"type-post","3":"status-publish","4":"format-standard","5":"has-post-thumbnail","7":"category-deportes"},"_links":{"self":[{"href":"https:\/\/chacosintesis.com.ar\/index.php\/wp-json\/wp\/v2\/posts\/204018","targetHints":{"allow":["GET"]}}],"collection":[{"href":"https:\/\/chacosintesis.com.ar\/index.php\/wp-json\/wp\/v2\/posts"}],"about":[{"href":"https:\/\/chacosintesis.com.ar\/index.php\/wp-json\/wp\/v2\/types\/post"}],"author":[{"embeddable":true,"href":"https:\/\/chacosintesis.com.ar\/index.php\/wp-json\/wp\/v2\/users\/1"}],"replies":[{"embeddable":true,"href":"https:\/\/chacosintesis.com.ar\/index.php\/wp-json\/wp\/v2\/comments?post=204018"}],"version-history":[{"count":0,"href":"https:\/\/chacosintesis.com.ar\/index.php\/wp-json\/wp\/v2\/posts\/204018\/revisions"}],"wp:featuredmedia":[{"embeddable":true,"href":"https:\/\/chacosintesis.com.ar\/index.php\/wp-json\/wp\/v2\/media\/204029"}],"wp:attachment":[{"href":"https:\/\/chacosintesis.com.ar\/index.php\/wp-json\/wp\/v2\/media?parent=204018"}],"wp:term":[{"taxonomy":"category","embeddable":true,"href":"https:\/\/chacosintesis.com.ar\/index.php\/wp-json\/wp\/v2\/categories?post=204018"},{"taxonomy":"post_tag","embeddable":true,"href":"https:\/\/chacosintesis.com.ar\/index.php\/wp-json\/wp\/v2\/tags?post=204018"}],"curies":[{"name":"wp","href":"https:\/\/api.w.org\/{rel}","templated":true}]}}