{"id":20388,"date":"2023-03-31T13:45:00","date_gmt":"2023-03-31T16:45:00","guid":{"rendered":"https:\/\/chacosintesis.com.ar\/?p=20388"},"modified":"2023-04-11T10:47:14","modified_gmt":"2023-04-11T13:47:14","slug":"diputadas-aclararon-que-la-suspension-es-solo-para-las-paso-y-se-ampliaron-los-organismos-a-cargo-para-las-generales","status":"publish","type":"post","link":"https:\/\/chacosintesis.com.ar\/index.php\/diputadas-aclararon-que-la-suspension-es-solo-para-las-paso-y-se-ampliaron-los-organismos-a-cargo-para-las-generales\/","title":{"rendered":"Diputadas aclararon que la suspensi\u00f3n es solo para las PASO y se ampliaron los organismos a cargo para las generales"},"content":{"rendered":"\n<p>Tras la aprobaci\u00f3n de la Ley 3772-Q, que modifica el art\u00edculo 55 de Ley Electoral Provincial y suspende la vigencia de la norma , por \u00fanica vez, con car\u00e1cter excepcional y exclusivo para las precandidaturas a los cargos electivos provinciales y municipales para las pr\u00f3ximas Primarias, Abiertas, Simult\u00e1neas y Obligatorias (PASO), la presidenta del Poder Legislativo, Elida Cuesta, acompa\u00f1ada por las diputadas Jessica Ayala, Andrea Charole y Gricelda Ojeda, explic\u00f3 que esta reforma impuesta no elimina la capacitaci\u00f3n en perspectiva de g\u00e9nero y violencia contra la mujer como err\u00f3neamente se ha entendido, sino supeditarla a la pr\u00f3xima instancia de candidaturas adecuando la capacitaci\u00f3n a las posibilidades que surgen del nuevo calendario electoral y ampliar la cantidad de organismos que estar\u00e1n a cargo de esa capacitaci\u00f3n.<br>Cuesta resalt\u00f3 que esto no se trata de una suspensi\u00f3n definitiva de las capacitaciones en violencia de g\u00e9nero, sino que por \u00fanica vez se adapta a un hecho imprevisto como fue el cambio abrupto que reinstal\u00f3 las PASO.<br>Para las legisladoras, de no haberse tomado esta decisi\u00f3n se hubiera incurrido en una imposibilidad material que podr\u00eda haber puesto en riesgo el cumplimiento responsable de este trascendental compromiso, por lo que dejaron bien en claro que la capacitaci\u00f3n contra la violencia y la perspectiva de g\u00e9nero contin\u00faa siendo obligatoria para quien quiera y acceda al ejercicio de los cargos p\u00fablicos electivos, dado que persiste la instancia obligatoria para las y los candidatos que participen del progreso electoral general.<br>\u201cEsto garantiza que quien acceda a la funci\u00f3n electiva cuente y acredite debidamente la capacitaci\u00f3n obligatoria y, adem\u00e1s, suma actores para la capacitaci\u00f3n, permitiendo de esta manera una mayor oferta de capacitaci\u00f3n y garant\u00eda de que se cumplir\u00e1 con el objetivo de asegurar que nadie acceda a una funci\u00f3n p\u00fablica sin encontrarse interpelado\u201d, explic\u00f3 Cuesta.<br>Por su parte, la diputada Ayala marc\u00f3 que el 25% de chaque\u00f1as y chaque\u00f1os a\u00fan no poseen una cuenta en la aplicaci\u00f3n Tu Gobierno Digital, seg\u00fan los datos oficiales vertidos en el recinto, lo que motiv\u00f3 que en la modificatoria se introduzca una cl\u00e1usula transitoria para las PASO del 18 de junio y se garantice la inclusi\u00f3n e igualdad de candidatas y candidatos.<\/p>\n\n\n\n<p>M\u00e1s organismos estar\u00e1n a cargo de la capacitaci\u00f3n<br>Las legisladoras aclararon que gracias a la modificatoria aprobada en la \u00faltima sesi\u00f3n ordinaria, para las elecciones generales el Tribunal Electoral determinar\u00e1 que la capacitaci\u00f3n obligatoria en violencia de g\u00e9nero para las y los candidatos que participen en los procesos electorales provinciales y municipales en la provincia est\u00e9 cargo, de manera indistinta, por la Secretar\u00eda de Derechos Humanos y G\u00e9neros de la Provincia, la Oficina Interdisciplinaria para la Prevenci\u00f3n, Tratamiento y Sanci\u00f3n de la Violencia Laboral con funcionamiento en el Poder Legislativo, el \u00e1rea de Capacitaci\u00f3n del Poder Judicial que al efecto designe el STJ, por instituciones educativas, universidades p\u00fablicas y privadas, por partidos pol\u00edticos o alianzas electorales, las \u00e1reas municipales que dispongan los intendentes y toda otra entidad que cuente con la autorizaci\u00f3n correspondiente de la Justicia Electoral.<\/p>\n","protected":false},"excerpt":{"rendered":"<p>Tras la aprobaci\u00f3n de la Ley 3772-Q, que modifica el art\u00edculo 55 de Ley Electoral Provincial y suspende la vigencia de la norma , por \u00fanica vez, con car\u00e1cter excepcional y exclusivo para las precandidaturas a los cargos electivos provinciales y municipales para las pr\u00f3ximas Primarias, Abiertas, Simult\u00e1neas y Obligatorias (PASO), la presidenta del Poder [&hellip;]<\/p>\n","protected":false},"author":1,"featured_media":20389,"comment_status":"closed","ping_status":"closed","sticky":false,"template":"","format":"standard","meta":{"footnotes":""},"categories":[6],"tags":[202],"class_list":{"0":"post-20388","1":"post","2":"type-post","3":"status-publish","4":"format-standard","5":"has-post-thumbnail","7":"category-chaco","8":"tag-legislatura"},"_links":{"self":[{"href":"https:\/\/chacosintesis.com.ar\/index.php\/wp-json\/wp\/v2\/posts\/20388","targetHints":{"allow":["GET"]}}],"collection":[{"href":"https:\/\/chacosintesis.com.ar\/index.php\/wp-json\/wp\/v2\/posts"}],"about":[{"href":"https:\/\/chacosintesis.com.ar\/index.php\/wp-json\/wp\/v2\/types\/post"}],"author":[{"embeddable":true,"href":"https:\/\/chacosintesis.com.ar\/index.php\/wp-json\/wp\/v2\/users\/1"}],"replies":[{"embeddable":true,"href":"https:\/\/chacosintesis.com.ar\/index.php\/wp-json\/wp\/v2\/comments?post=20388"}],"version-history":[{"count":0,"href":"https:\/\/chacosintesis.com.ar\/index.php\/wp-json\/wp\/v2\/posts\/20388\/revisions"}],"wp:featuredmedia":[{"embeddable":true,"href":"https:\/\/chacosintesis.com.ar\/index.php\/wp-json\/wp\/v2\/media\/20389"}],"wp:attachment":[{"href":"https:\/\/chacosintesis.com.ar\/index.php\/wp-json\/wp\/v2\/media?parent=20388"}],"wp:term":[{"taxonomy":"category","embeddable":true,"href":"https:\/\/chacosintesis.com.ar\/index.php\/wp-json\/wp\/v2\/categories?post=20388"},{"taxonomy":"post_tag","embeddable":true,"href":"https:\/\/chacosintesis.com.ar\/index.php\/wp-json\/wp\/v2\/tags?post=20388"}],"curies":[{"name":"wp","href":"https:\/\/api.w.org\/{rel}","templated":true}]}}