{"id":20385,"date":"2023-03-30T13:27:00","date_gmt":"2023-03-30T16:27:00","guid":{"rendered":"https:\/\/chacosintesis.com.ar\/?p=20385"},"modified":"2023-04-11T10:44:06","modified_gmt":"2023-04-11T13:44:06","slug":"mayo-sera-el-mes-de-la-concienciacion-del-sindrome-de-williams","status":"publish","type":"post","link":"https:\/\/chacosintesis.com.ar\/index.php\/mayo-sera-el-mes-de-la-concienciacion-del-sindrome-de-williams\/","title":{"rendered":"Mayo ser\u00e1 el Mes de la Concienciaci\u00f3n del S\u00edndrome de Williams"},"content":{"rendered":"\n<p>Por iniciativa de la presidenta del Poder Legislativo, Elida Cuesta, se sancion\u00f3 por unanimidad la Ley 3771-G que establece a mayo como Mes de la Concienciaci\u00f3n del S\u00edndrome de Williams. Este trastorno es una condici\u00f3n gen\u00e9tica que est\u00e1 presente al nacer y se caracteriza por generar problemas m\u00e9dicos que incluyen enfermedades cardiovasculares, retrasos en el desarrollo y problemas de aprendizaje.<\/p>\n\n\n\n<p>Con respecto a los s\u00edntomas y caracter\u00edsticas f\u00edsicas, las personas con este s\u00edndrome tienen frente amplia, nariz peque\u00f1a y respingada, boca grande, labios gruesos, bolsas periorbitales, mand\u00edbula y ment\u00f3n peque\u00f1os y mala oclusi\u00f3n dentaria; alta sensibilidad a los sonidos (hiperacusia); discapacidad intelectual con diversidad en los ritmos de aprendizaje; retraso psicomotor y dificultades en la integraci\u00f3n visoespacial e hiperactividad, especialmente presente en la infancia, pero que tiende a mejorar con la edad.<\/p>\n\n\n\n<p>Cuesta agradeci\u00f3 el acompa\u00f1amiento de sus pares y manifest\u00f3 que la iniciativa ser\u00e1 un gran respaldo para las personas que padecen este trastorno gen\u00e9tico y sus familias. \u201cUn diagn\u00f3stico precoz y adecuado, como as\u00ed tambi\u00e9n el tratamiento ante las alteraciones en la salud, son fundamentales para contar con el asesoramiento indicado, aplicar un tratamiento correcto y garantizar una mejor calidad de vida a quienes tienen el s\u00edndrome y su entorno familiar\u201d, asegur\u00f3.<\/p>\n\n\n\n<p>Asimismo, la titular legislativa remarc\u00f3 que \u201ces importante que, como representantes del pueblo del Chaco, demos respuesta a las demandas de la gente. Hoy nos emocionamos porque brindamos una herramienta valiosa a Sof\u00eda y a su familia que vinieron desde Machagai por la sanci\u00f3n de esta ley que servir\u00e1 para concienciar sobre esta condici\u00f3n gen\u00e9tica poco frecuente\u201d.<\/p>\n\n\n\n<p>La normativa aprobada un\u00e1nimemente prev\u00e9 que sea el Ministerio de Salud P\u00fablica el que promueva las condiciones para garantizar una atenci\u00f3n de salud integral, interdisciplinaria e igualitaria a las personas con S\u00edndrome de Williams. Adem\u00e1s de campa\u00f1as de concienciaci\u00f3n y difusi\u00f3n destinadas al conjunto de la comunidad<\/p>\n","protected":false},"excerpt":{"rendered":"<p>Por iniciativa de la presidenta del Poder Legislativo, Elida Cuesta, se sancion\u00f3 por unanimidad la Ley 3771-G que establece a mayo como Mes de la Concienciaci\u00f3n del S\u00edndrome de Williams. Este trastorno es una condici\u00f3n gen\u00e9tica que est\u00e1 presente al nacer y se caracteriza por generar problemas m\u00e9dicos que incluyen enfermedades cardiovasculares, retrasos en el [&hellip;]<\/p>\n","protected":false},"author":1,"featured_media":20386,"comment_status":"closed","ping_status":"closed","sticky":false,"template":"","format":"standard","meta":{"footnotes":""},"categories":[6],"tags":[202],"class_list":{"0":"post-20385","1":"post","2":"type-post","3":"status-publish","4":"format-standard","5":"has-post-thumbnail","7":"category-chaco","8":"tag-legislatura"},"_links":{"self":[{"href":"https:\/\/chacosintesis.com.ar\/index.php\/wp-json\/wp\/v2\/posts\/20385","targetHints":{"allow":["GET"]}}],"collection":[{"href":"https:\/\/chacosintesis.com.ar\/index.php\/wp-json\/wp\/v2\/posts"}],"about":[{"href":"https:\/\/chacosintesis.com.ar\/index.php\/wp-json\/wp\/v2\/types\/post"}],"author":[{"embeddable":true,"href":"https:\/\/chacosintesis.com.ar\/index.php\/wp-json\/wp\/v2\/users\/1"}],"replies":[{"embeddable":true,"href":"https:\/\/chacosintesis.com.ar\/index.php\/wp-json\/wp\/v2\/comments?post=20385"}],"version-history":[{"count":0,"href":"https:\/\/chacosintesis.com.ar\/index.php\/wp-json\/wp\/v2\/posts\/20385\/revisions"}],"wp:featuredmedia":[{"embeddable":true,"href":"https:\/\/chacosintesis.com.ar\/index.php\/wp-json\/wp\/v2\/media\/20386"}],"wp:attachment":[{"href":"https:\/\/chacosintesis.com.ar\/index.php\/wp-json\/wp\/v2\/media?parent=20385"}],"wp:term":[{"taxonomy":"category","embeddable":true,"href":"https:\/\/chacosintesis.com.ar\/index.php\/wp-json\/wp\/v2\/categories?post=20385"},{"taxonomy":"post_tag","embeddable":true,"href":"https:\/\/chacosintesis.com.ar\/index.php\/wp-json\/wp\/v2\/tags?post=20385"}],"curies":[{"name":"wp","href":"https:\/\/api.w.org\/{rel}","templated":true}]}}