{"id":20382,"date":"2023-03-29T12:45:00","date_gmt":"2023-03-29T15:45:00","guid":{"rendered":"https:\/\/chacosintesis.com.ar\/?p=20382"},"modified":"2023-04-11T10:41:53","modified_gmt":"2023-04-11T13:41:53","slug":"cuesta-queremos-una-justicia-agil-que-llegue-a-las-personas-que-estan-pasando-una-situacion-de-violencia","status":"publish","type":"post","link":"https:\/\/chacosintesis.com.ar\/index.php\/cuesta-queremos-una-justicia-agil-que-llegue-a-las-personas-que-estan-pasando-una-situacion-de-violencia\/","title":{"rendered":"Cuesta: \u201cQueremos una Justicia \u00e1gil que llegue a las personas que est\u00e1n pasando una situaci\u00f3n de violencia\u201d"},"content":{"rendered":"\n<p>Con objetivo de dotar de una herramienta valiosa a la Justicia chaque\u00f1a para combatir la violencia, la presidenta del Poder Legislativo, Elida Cuesta, junto a la diputada Jessica Ayala, entreg\u00f3 150 ejemplares del Compendio Tem\u00e1tico de las Violencias al Consejo de Abogados de Resistencia.<br>\u201cLa gente no puede vivir recorriendo los juzgados o haciendo marchas por la violencia, entre todos debemos mejorar el acceso a la justicia para erradicar este flagelo\u201d, asegur\u00f3.<br>Adem\u00e1s, la titular del cuerpo legislativo destac\u00f3 el trabajo de las y los diputados provinciales en el tema remarcando el compromiso de la Casa de la Democracia. \u201cDesde 2017 hasta la fecha se ha triplicado el n\u00famero de leyes para combatir la violencia, lo que marca nuestro compromiso para combatir este flagelo, pero las leyes no deben ser una letra escrita guardada en un caj\u00f3n, sino ser aplicadas para erradicarlo\u201d, afirm\u00f3 la presidenta.<br>Por su parte, Ayala destac\u00f3 la decisi\u00f3n pol\u00edtica de Cuesta de dotar a la Justicia chaque\u00f1a de una herramienta fundamental para erradicar la violencia. \u201cEste compendio es muy importante a la hora de ejercer la abogac\u00eda, lo digo como una persona del derecho, lo cual demuestra el gran compromiso que tenemos los legisladores en la lucha y la prevenci\u00f3n de la violencia\u201d, remarc\u00f3 la diputada.<br>El presidente del Consejo de Abogados, Ricardo Urturi, agradeci\u00f3 la colaboraci\u00f3n del Poder Legislativo y asegur\u00f3 que el Compendio Tem\u00e1tico de las Violencias facilitar\u00e1 el trabajo de los abogados. \u201cLamentablemente, la violencia es un flagelo diario que sufre la sociedad en su conjunto, pero creo que este tipo de iniciativas ayudan mucho al compromiso que tenemos todos en erradicarla\u201d, sentenci\u00f3.<br>Elina Nicoloff, integrante del Consejo de la Magistratura, en representaci\u00f3n de los profesionales de la Primera Circunscripci\u00f3n Judicial expres\u00f3 su agradecimiento por haber recibido esta valiosa herramienta que permitir\u00e1 mejorar el trabajo que realizan diariamente. \u201cEste compendio resume todas las normativas vigentes en la materia, lo cual nos permite trabajar con mayor comodidad a la hora de avanzar en los distintos casos\u201d, concluy\u00f3 la abogada<\/p>\n","protected":false},"excerpt":{"rendered":"<p>Con objetivo de dotar de una herramienta valiosa a la Justicia chaque\u00f1a para combatir la violencia, la presidenta del Poder Legislativo, Elida Cuesta, junto a la diputada Jessica Ayala, entreg\u00f3 150 ejemplares del Compendio Tem\u00e1tico de las Violencias al Consejo de Abogados de Resistencia.\u201cLa gente no puede vivir recorriendo los juzgados o haciendo marchas por [&hellip;]<\/p>\n","protected":false},"author":1,"featured_media":20383,"comment_status":"closed","ping_status":"closed","sticky":false,"template":"","format":"standard","meta":{"footnotes":""},"categories":[6],"tags":[202],"class_list":{"0":"post-20382","1":"post","2":"type-post","3":"status-publish","4":"format-standard","5":"has-post-thumbnail","7":"category-chaco","8":"tag-legislatura"},"_links":{"self":[{"href":"https:\/\/chacosintesis.com.ar\/index.php\/wp-json\/wp\/v2\/posts\/20382","targetHints":{"allow":["GET"]}}],"collection":[{"href":"https:\/\/chacosintesis.com.ar\/index.php\/wp-json\/wp\/v2\/posts"}],"about":[{"href":"https:\/\/chacosintesis.com.ar\/index.php\/wp-json\/wp\/v2\/types\/post"}],"author":[{"embeddable":true,"href":"https:\/\/chacosintesis.com.ar\/index.php\/wp-json\/wp\/v2\/users\/1"}],"replies":[{"embeddable":true,"href":"https:\/\/chacosintesis.com.ar\/index.php\/wp-json\/wp\/v2\/comments?post=20382"}],"version-history":[{"count":0,"href":"https:\/\/chacosintesis.com.ar\/index.php\/wp-json\/wp\/v2\/posts\/20382\/revisions"}],"wp:featuredmedia":[{"embeddable":true,"href":"https:\/\/chacosintesis.com.ar\/index.php\/wp-json\/wp\/v2\/media\/20383"}],"wp:attachment":[{"href":"https:\/\/chacosintesis.com.ar\/index.php\/wp-json\/wp\/v2\/media?parent=20382"}],"wp:term":[{"taxonomy":"category","embeddable":true,"href":"https:\/\/chacosintesis.com.ar\/index.php\/wp-json\/wp\/v2\/categories?post=20382"},{"taxonomy":"post_tag","embeddable":true,"href":"https:\/\/chacosintesis.com.ar\/index.php\/wp-json\/wp\/v2\/tags?post=20382"}],"curies":[{"name":"wp","href":"https:\/\/api.w.org\/{rel}","templated":true}]}}