{"id":20370,"date":"2023-03-22T15:31:00","date_gmt":"2023-03-22T18:31:00","guid":{"rendered":"https:\/\/chacosintesis.com.ar\/?p=20370"},"modified":"2023-04-11T10:33:35","modified_gmt":"2023-04-11T13:33:35","slug":"conectividad-vial-y-ambiental-el-programa-de-cuesta-para-proteger-la-fauna-provincial","status":"publish","type":"post","link":"https:\/\/chacosintesis.com.ar\/index.php\/conectividad-vial-y-ambiental-el-programa-de-cuesta-para-proteger-la-fauna-provincial\/","title":{"rendered":"Conectividad vial y ambiental: el programa de Cuesta para proteger la fauna provincial"},"content":{"rendered":"\n<p>Con el objetivo de conservar la biodiversidad lindante a las rutas provinciales, el Poder Legislativo sancion\u00f3 la Ley 3752-R. La iniciativa, presentada por la presidenta Elida Cuesta, propone implementar el paso adecuado de especies animales a trav\u00e9s de una v\u00eda especial en las rutas, a efectos de fomentar la continuidad del ecosistema y, al mismo tiempo, prevenir siniestros viales.<br>Cuesta destac\u00f3 que el programa no solo conservar\u00e1 la fauna de la provincia, sino tambi\u00e9n reducir\u00e1 notablemente los siniestros viales en las rutas provinciales. \u201cLa idea de este programa no solo es proteger la fauna provincial, sino tambi\u00e9n disminuir los siniestros viales, sobre todo en las rutas de nuestro interior provincial, creando ecoductos, pasos superiores multifuncionales, t\u00faneles o viaductos\u201d, manifest\u00f3.<br>Adem\u00e1s, asegur\u00f3 que proteger la flora y la fauna debe ser una pol\u00edtica de Estado, sobre todo porque el Chaco es muy rico en este sentido. \u201cEs nuestro deber proteger la fauna chaque\u00f1a, sin detener el desarrollo ni la conectividad provincia, con la implementaci\u00f3n de se\u00f1al\u00e9tica, iluminaci\u00f3n, bandas \u00f3pticas y sonoras, reductores de velocidad, radares y otros m\u00e9todos disuasivos para evitar los siniestros y conservar nuestras especies\u201d, remarc\u00f3.<br>Por otra parte, la presidenta del cuerpo legislativo marc\u00f3 que la clase pol\u00edtica provincial tom\u00f3 el compromiso de transitar hacia un Chaco m\u00e1s sustentable y que la Casa de la Democracia va a acompa\u00f1ar este desaf\u00edo.<br>Este programa se enmarca en la agenda provincial para cumplir con los Objetivos de Desarrollo Sostenible (ODS) y con los postulados de la Constituci\u00f3n Provincial y Nacional, ya que implica un significativo avance en la conservaci\u00f3n de la biodiversidad, asegurando la sustentabilidad del medio ambiente y la consecuente reducci\u00f3n de siniestros<\/p>\n","protected":false},"excerpt":{"rendered":"<p>Con el objetivo de conservar la biodiversidad lindante a las rutas provinciales, el Poder Legislativo sancion\u00f3 la Ley 3752-R. La iniciativa, presentada por la presidenta Elida Cuesta, propone implementar el paso adecuado de especies animales a trav\u00e9s de una v\u00eda especial en las rutas, a efectos de fomentar la continuidad del ecosistema y, al mismo [&hellip;]<\/p>\n","protected":false},"author":1,"featured_media":20371,"comment_status":"closed","ping_status":"closed","sticky":false,"template":"","format":"standard","meta":{"footnotes":""},"categories":[6],"tags":[202],"class_list":{"0":"post-20370","1":"post","2":"type-post","3":"status-publish","4":"format-standard","5":"has-post-thumbnail","7":"category-chaco","8":"tag-legislatura"},"_links":{"self":[{"href":"https:\/\/chacosintesis.com.ar\/index.php\/wp-json\/wp\/v2\/posts\/20370","targetHints":{"allow":["GET"]}}],"collection":[{"href":"https:\/\/chacosintesis.com.ar\/index.php\/wp-json\/wp\/v2\/posts"}],"about":[{"href":"https:\/\/chacosintesis.com.ar\/index.php\/wp-json\/wp\/v2\/types\/post"}],"author":[{"embeddable":true,"href":"https:\/\/chacosintesis.com.ar\/index.php\/wp-json\/wp\/v2\/users\/1"}],"replies":[{"embeddable":true,"href":"https:\/\/chacosintesis.com.ar\/index.php\/wp-json\/wp\/v2\/comments?post=20370"}],"version-history":[{"count":0,"href":"https:\/\/chacosintesis.com.ar\/index.php\/wp-json\/wp\/v2\/posts\/20370\/revisions"}],"wp:featuredmedia":[{"embeddable":true,"href":"https:\/\/chacosintesis.com.ar\/index.php\/wp-json\/wp\/v2\/media\/20371"}],"wp:attachment":[{"href":"https:\/\/chacosintesis.com.ar\/index.php\/wp-json\/wp\/v2\/media?parent=20370"}],"wp:term":[{"taxonomy":"category","embeddable":true,"href":"https:\/\/chacosintesis.com.ar\/index.php\/wp-json\/wp\/v2\/categories?post=20370"},{"taxonomy":"post_tag","embeddable":true,"href":"https:\/\/chacosintesis.com.ar\/index.php\/wp-json\/wp\/v2\/tags?post=20370"}],"curies":[{"name":"wp","href":"https:\/\/api.w.org\/{rel}","templated":true}]}}