{"id":20368,"date":"2023-04-11T09:45:05","date_gmt":"2023-04-11T12:45:05","guid":{"rendered":"https:\/\/chacosintesis.com.ar\/?p=20368"},"modified":"2023-04-11T10:06:53","modified_gmt":"2023-04-11T13:06:53","slug":"el-gobierno-y-el-cones-fijan-agenda-mensual-y-consensuan-politicas-para-el-desarrollo","status":"publish","type":"post","link":"https:\/\/chacosintesis.com.ar\/index.php\/el-gobierno-y-el-cones-fijan-agenda-mensual-y-consensuan-politicas-para-el-desarrollo\/","title":{"rendered":"El gobierno y el Cones fijan agenda mensual y consensuan pol\u00edticas para el desarrollo"},"content":{"rendered":"<p>El plenario del Consejo Econ\u00f3mico y Social (Cones) del Chaco se reuni\u00f3 adem\u00e1s con el fin de potenciar al organismo a trav\u00e9s de la participaci\u00f3n de los sectores productivos y afianzar la interacci\u00f3n con los organismos p\u00fablicos.<br \/>\n El gobernador Jorge Capitanich particip\u00f3 esta tarde del plenario del Consejo Econ\u00f3mico y  Social (Cones) del Chaco con el fin de potenciar al organismo a trav\u00e9s de la participaci\u00f3n de los sectores productivos, fijar una agenda mensual, afianzar la interacci\u00f3n con los organismos p\u00fablicos y consensuar pol\u00edticas p\u00fablicas eficientes para el desarrollo. De la actividad celebrada en la sede del Nuevo Banco del Chaco, tambi\u00e9n particip\u00f3 su titular Federico Mu\u00f1oz Femen\u00eda, junto al ministro de Producci\u00f3n, Industria y Empleo, Sebasti\u00e1n Lifton y el presidente del Cones, Carlos Covic, entre otros.<br \/>\nLuego del encuentro, el mandatario provincial asegur\u00f3 a trav\u00e9s de sus redes sociales, que \u201cgarantizar la participaci\u00f3n de todos los sectores de la comunidad y estamentos es fundamental para atender de una mejor manera las nuevas problem\u00e1ticas que surgen en la provincia y el pa\u00eds\u201d. \u201cChaco cuenta con planificaci\u00f3n estrat\u00e9gica situacional, control de gesti\u00f3n, sistema de metas, de comunicaci\u00f3n y de seguimiento de las pol\u00edticas p\u00fablicas\u201d, sentenci\u00f3.<br \/>\nA su vez, mencion\u00f3 el sistema de informaci\u00f3n estad\u00edstica, un Plan Quinquenal, un Plan Chaco 2030, y todas las herramientas de planificaci\u00f3n y ejecuci\u00f3n que un organismo como Cones puede plantear en la discusi\u00f3n de las pol\u00edticas p\u00fablicas y los consensos. \u201cAvanzar en el cumplimiento de metas es una prioridad de nuestra gesti\u00f3n para que las dificultades de car\u00e1cter estructural se puedan corregir y resolver conjuntamente\u201d, concluy\u00f3.<br \/>\nDel encuentro tambi\u00e9n participaron los integrantes del Cones, Jorge De Pedro (vicepresidente 2\u00ba CONES), Andr\u00e9s Irigoyen (secretario general CONES), el tesorero No\u00e9 Kohn; el diputado nacional Juan Manuel Pedrini y el diputado provincial Rodrigo Ocampo, entre otros.<\/p>\n","protected":false},"excerpt":{"rendered":"<p>El plenario del Consejo Econ\u00f3mico y Social (Cones) del Chaco se reuni\u00f3 adem\u00e1s con el fin de potenciar al organismo a trav\u00e9s de la participaci\u00f3n de los sectores productivos y afianzar la interacci\u00f3n con los organismos p\u00fablicos. El gobernador Jorge Capitanich particip\u00f3 esta tarde del plenario del Consejo Econ\u00f3mico y Social (Cones) del Chaco con [&hellip;]<\/p>\n","protected":false},"author":1,"featured_media":20369,"comment_status":"closed","ping_status":"closed","sticky":false,"template":"","format":"standard","meta":{"footnotes":""},"categories":[6],"tags":[],"class_list":{"0":"post-20368","1":"post","2":"type-post","3":"status-publish","4":"format-standard","5":"has-post-thumbnail","7":"category-chaco"},"_links":{"self":[{"href":"https:\/\/chacosintesis.com.ar\/index.php\/wp-json\/wp\/v2\/posts\/20368","targetHints":{"allow":["GET"]}}],"collection":[{"href":"https:\/\/chacosintesis.com.ar\/index.php\/wp-json\/wp\/v2\/posts"}],"about":[{"href":"https:\/\/chacosintesis.com.ar\/index.php\/wp-json\/wp\/v2\/types\/post"}],"author":[{"embeddable":true,"href":"https:\/\/chacosintesis.com.ar\/index.php\/wp-json\/wp\/v2\/users\/1"}],"replies":[{"embeddable":true,"href":"https:\/\/chacosintesis.com.ar\/index.php\/wp-json\/wp\/v2\/comments?post=20368"}],"version-history":[{"count":0,"href":"https:\/\/chacosintesis.com.ar\/index.php\/wp-json\/wp\/v2\/posts\/20368\/revisions"}],"wp:featuredmedia":[{"embeddable":true,"href":"https:\/\/chacosintesis.com.ar\/index.php\/wp-json\/wp\/v2\/media\/20369"}],"wp:attachment":[{"href":"https:\/\/chacosintesis.com.ar\/index.php\/wp-json\/wp\/v2\/media?parent=20368"}],"wp:term":[{"taxonomy":"category","embeddable":true,"href":"https:\/\/chacosintesis.com.ar\/index.php\/wp-json\/wp\/v2\/categories?post=20368"},{"taxonomy":"post_tag","embeddable":true,"href":"https:\/\/chacosintesis.com.ar\/index.php\/wp-json\/wp\/v2\/tags?post=20368"}],"curies":[{"name":"wp","href":"https:\/\/api.w.org\/{rel}","templated":true}]}}