{"id":20336,"date":"2023-04-10T17:30:47","date_gmt":"2023-04-10T20:30:47","guid":{"rendered":"https:\/\/chacosintesis.com.ar\/?p=20336"},"modified":"2023-04-10T17:36:43","modified_gmt":"2023-04-10T20:36:43","slug":"docentes-de-nivel-primario-inicia-el-periodo-de-tachas-para-cargos-de-supervision-en-escuelas-de-educacion-especial","status":"publish","type":"post","link":"https:\/\/chacosintesis.com.ar\/index.php\/docentes-de-nivel-primario-inicia-el-periodo-de-tachas-para-cargos-de-supervision-en-escuelas-de-educacion-especial\/","title":{"rendered":"Docentes de nivel primario: Inicia el per\u00edodo de tachas para cargos de supervisi\u00f3n en escuelas de Educaci\u00f3n Especial"},"content":{"rendered":"<p>Las listas provisorias est\u00e1n a disposici\u00f3n de las y los interesados en la plataforma SIE de Tu Gobierno Digital y en las respectivas Direcciones Regionales.<br \/>\nEl Ministerio de Educaci\u00f3n del Chaco, a trav\u00e9s de la las Juntas de Clasificaci\u00f3n Nivel Primario de todas las regionales educativas, comunica que a partir del mi\u00e9rcoles 11 de abril de 2023 inicia el Per\u00edodo de Tachas para directores titulares de Escuelas de Educaci\u00f3n Especial que re\u00fanan condiciones para la designaci\u00f3n de cargos de supervisi\u00f3n interinos y\/o suplentes.<br \/>\nLas listas provisorias, para su conocimiento y notificaci\u00f3n, est\u00e1n a disposici\u00f3n de las y los interesados en la plataforma SIE de Tu Gobierno Digital y en las respectivas Direcciones Regionales.<br \/>\nPara reclamos y\/o consultas podr\u00e1n dirigirse a la sede de la Junta de Clasificaci\u00f3n Primaria Resistencia en Gobernador Bosch 99, Nave 1, en el horario de 7 a 13, o bien enviar el mismo a trav\u00e9s de sus correos electr\u00f3nicos <a href=\"mailto:meccyt.jtaprimrcia@chaco.gob.ar\" >meccyt.jtaprimrcia@chaco.gob.ar<\/a> o por tel\u00e9fono al 3624 453015.<\/p>\n","protected":false},"excerpt":{"rendered":"<p>Las listas provisorias est\u00e1n a disposici\u00f3n de las y los interesados en la plataforma SIE de Tu Gobierno Digital y en las respectivas Direcciones Regionales. El Ministerio de Educaci\u00f3n del Chaco, a trav\u00e9s de la las Juntas de Clasificaci\u00f3n Nivel Primario de todas las regionales educativas, comunica que a partir del mi\u00e9rcoles 11 de abril [&hellip;]<\/p>\n","protected":false},"author":1,"featured_media":20337,"comment_status":"closed","ping_status":"closed","sticky":false,"template":"","format":"standard","meta":{"footnotes":""},"categories":[6],"tags":[],"class_list":{"0":"post-20336","1":"post","2":"type-post","3":"status-publish","4":"format-standard","5":"has-post-thumbnail","7":"category-chaco"},"_links":{"self":[{"href":"https:\/\/chacosintesis.com.ar\/index.php\/wp-json\/wp\/v2\/posts\/20336","targetHints":{"allow":["GET"]}}],"collection":[{"href":"https:\/\/chacosintesis.com.ar\/index.php\/wp-json\/wp\/v2\/posts"}],"about":[{"href":"https:\/\/chacosintesis.com.ar\/index.php\/wp-json\/wp\/v2\/types\/post"}],"author":[{"embeddable":true,"href":"https:\/\/chacosintesis.com.ar\/index.php\/wp-json\/wp\/v2\/users\/1"}],"replies":[{"embeddable":true,"href":"https:\/\/chacosintesis.com.ar\/index.php\/wp-json\/wp\/v2\/comments?post=20336"}],"version-history":[{"count":0,"href":"https:\/\/chacosintesis.com.ar\/index.php\/wp-json\/wp\/v2\/posts\/20336\/revisions"}],"wp:featuredmedia":[{"embeddable":true,"href":"https:\/\/chacosintesis.com.ar\/index.php\/wp-json\/wp\/v2\/media\/20337"}],"wp:attachment":[{"href":"https:\/\/chacosintesis.com.ar\/index.php\/wp-json\/wp\/v2\/media?parent=20336"}],"wp:term":[{"taxonomy":"category","embeddable":true,"href":"https:\/\/chacosintesis.com.ar\/index.php\/wp-json\/wp\/v2\/categories?post=20336"},{"taxonomy":"post_tag","embeddable":true,"href":"https:\/\/chacosintesis.com.ar\/index.php\/wp-json\/wp\/v2\/tags?post=20336"}],"curies":[{"name":"wp","href":"https:\/\/api.w.org\/{rel}","templated":true}]}}