{"id":20326,"date":"2023-04-10T17:13:41","date_gmt":"2023-04-10T20:13:41","guid":{"rendered":"https:\/\/chacosintesis.com.ar\/?p=20326"},"modified":"2023-04-10T17:36:39","modified_gmt":"2023-04-10T20:36:39","slug":"semana-santa-en-el-chaco-estiman-que-la-ocupacion-hotelera-en-la-provincia-se-ubico-en-torno-al-75","status":"publish","type":"post","link":"https:\/\/chacosintesis.com.ar\/index.php\/semana-santa-en-el-chaco-estiman-que-la-ocupacion-hotelera-en-la-provincia-se-ubico-en-torno-al-75\/","title":{"rendered":"Semana santa en el Chaco Estiman que la ocupaci\u00f3n hotelera en la provincia se ubic\u00f3 en torno al 75%"},"content":{"rendered":"<p>El presidente de Instituto de Turismo, Ariel Ybarra indic\u00f3 que la informaci\u00f3n se est\u00e1 procesando, pero hubo picos con ocupaci\u00f3n plena, por ejemplo, en El Impenetrable. Durante marzo del 2023, el promedio de ocupaci\u00f3n fue del 62,2% en toda la provincia, un 30,88%  m\u00e1s que en el mismo mes del 2022.<br \/>\nEl presidente del Instituto de Turismo del Chaco, Ariel Ybarra realiz\u00f3 un balance en di\u00e1logo co Radio Provincia del Chaco de lo que dej\u00f3 el fin de semana extra largo de Semana Santa para el sector y asegur\u00f3 que fueron d\u00edas &#8220;muy fruct\u00edferos&#8221;.<br \/>\nEn relaci\u00f3n al turista que llega, el funcionario explic\u00f3 que la provincia es muy demandada por quienes buscan disfrutar de la naturaleza. &#8220;Muchos turistas recorren el mundo visitando \u00e1reas protegidas, con lo cual, tener otro Parque Nacional como el recientemente creado Laguna El Palmar, permite al Chaco posicionarse fuertemente en este sector&#8221;, analiz\u00f3.<br \/>\nYbarra indic\u00f3 que, en general, las personas que consumen turismo de naturaleza suelen estar bien informadas, y conocen las cuestiones b\u00e1sicas del destino a\u00fan antes de llegar.<br \/>\nLa expectativa de ocupaci\u00f3n hotelera, antes del inicio de la Semana Santa, era de un 45%, pero en la pr\u00e1ctica la cifra es sistem\u00e1ticamente superada. &#8220;Estamos esperando los n\u00fameros finales, pero estimamos que vamos a estar en el 70% a nivel provincial, con picos en algunos lugares puntuales, como los glamping, que estuvieron llenos&#8221;, asegur\u00f3.<br \/>\nA la vez, las estad\u00edsticas mensuales indican que, durante marzo del 2023, el promedio de ocupaci\u00f3n fue del 62,2% en toda la provincia, un 30,88%  m\u00e1s que en el mismo mes del 2022; lo que muestra &#8220;un crecimiento progresivo en la post pandemia&#8221;, resalt\u00f3.<br \/>\nEn ese contexto, destac\u00f3 que El Impenetrable ha crecido en los \u00faltimos a\u00f1os, de la mano de un trabajo contundente en pos del desarrollo tur\u00edstico. &#8220;No s\u00f3lo impulsamos el destino como lugar, para que los turistas puedan disfrutarlo, sino que lo pensamos tambi\u00e9n como una oportunidad para las comunidades locales, para que sean anfitrionas y as\u00ed se genere mano de obra genuina y de calidad&#8221;, explic\u00f3.<br \/>\nYbarra destac\u00f3 que &#8220;es importante que la foto que aparece en el folleto se corresponda con la experiencia que el turista va a vivir, y para que eso suceda, debemos tener el lugar como el Parque Nacional El Impenetrable y oferta tur\u00edstica genuina en las inmediaciones, como los glamping, que permiten estar en contacto con la naturaleza&#8221;.<br \/>\nA esto, se suman los camping que se encuentran dentro del \u00e1rea protegida, que son gratuitos y cuentan con plataformas elevadas, que permiten aprovechar al m\u00e1ximo este destino.<br \/>\nDesde Resistencia, se tardan unas cinco horas en llegar al Parque Nacional El Impenetrable, que tiene el \u00faltimo tramo, de unos 60 kil\u00f3metros, por camino de tierra, con lo cual, el viaje exige una planificaci\u00f3n.<br \/>\nSi bien por estos d\u00edas se est\u00e1 asfaltando unos 200 kil\u00f3metros de rutas en esa zona de la provincia, las condiciones clim\u00e1ticas podr\u00edan transformarse en una complicaci\u00f3n a la hora de llegar al destino.<br \/>\n&#8220;Se recomienda utilizar veh\u00edculos altos o camionetas, pero, en breve va a estar disponible el servicio de transfer, que saldr\u00e1 desde Resistencia&#8221;, cont\u00f3.<br \/>\nEl Parque Nacional El Impenetrable abarca 128.000 hect\u00e1res, entre los r\u00edos Bermejito y Bermejo, en el noroeste provincial. El primero tiene un caudal bajo y un cauce tranquilo, y se ofrece como una gran oportunidad para bajar en kayak.<br \/>\nEn el Bermejo, m\u00e1s caudaloso y profundo, se est\u00e1n habilitando paseos n\u00e1uticos, en lancha, que van desde el glamping hasta el Parque Nacional.<br \/>\nEn Gancedo, se encuentra tambi\u00e9n &#8220;Campo del Cielo&#8221;, otro destino chaque\u00f1o que atrae al turismo. &#8220;En los \u00faltimos tiempos, comenz\u00f3 a llegar m\u00e1s gente en busca de experiencias distintas, y este cumple con esta condici\u00f3n: hemos sido privilegiados por tener los restos de una lluvia de meteoritos registrada hace m\u00e1s de 4.000 a\u00f1os&#8221;, apunt\u00f3.<br \/>\nYbarra record\u00f3 que son 100 hect\u00e1reas protegidas, donde est\u00e1n los meteoritos expuestos (el segundo y el tercero m\u00e1s grandes del mundo), un centro de interpretaci\u00f3n y otros atractivos que convocan cada vez a m\u00e1s gente. El funcionario se\u00f1al\u00f3 finalmente que Resistencia, en su condici\u00f3n de Capital Nacional de Esculturas, contin\u00faa siendo un faro cultural para la regi\u00f3n, y sede de eventos, con el desarrollo del turismo de reuniones.<\/p>\n","protected":false},"excerpt":{"rendered":"<p>El presidente de Instituto de Turismo, Ariel Ybarra indic\u00f3 que la informaci\u00f3n se est\u00e1 procesando, pero hubo picos con ocupaci\u00f3n plena, por ejemplo, en El Impenetrable. Durante marzo del 2023, el promedio de ocupaci\u00f3n fue del 62,2% en toda la provincia, un 30,88% m\u00e1s que en el mismo mes del 2022. El presidente del Instituto [&hellip;]<\/p>\n","protected":false},"author":1,"featured_media":20327,"comment_status":"closed","ping_status":"closed","sticky":false,"template":"","format":"standard","meta":{"footnotes":""},"categories":[6],"tags":[],"class_list":{"0":"post-20326","1":"post","2":"type-post","3":"status-publish","4":"format-standard","5":"has-post-thumbnail","7":"category-chaco"},"_links":{"self":[{"href":"https:\/\/chacosintesis.com.ar\/index.php\/wp-json\/wp\/v2\/posts\/20326","targetHints":{"allow":["GET"]}}],"collection":[{"href":"https:\/\/chacosintesis.com.ar\/index.php\/wp-json\/wp\/v2\/posts"}],"about":[{"href":"https:\/\/chacosintesis.com.ar\/index.php\/wp-json\/wp\/v2\/types\/post"}],"author":[{"embeddable":true,"href":"https:\/\/chacosintesis.com.ar\/index.php\/wp-json\/wp\/v2\/users\/1"}],"replies":[{"embeddable":true,"href":"https:\/\/chacosintesis.com.ar\/index.php\/wp-json\/wp\/v2\/comments?post=20326"}],"version-history":[{"count":0,"href":"https:\/\/chacosintesis.com.ar\/index.php\/wp-json\/wp\/v2\/posts\/20326\/revisions"}],"wp:featuredmedia":[{"embeddable":true,"href":"https:\/\/chacosintesis.com.ar\/index.php\/wp-json\/wp\/v2\/media\/20327"}],"wp:attachment":[{"href":"https:\/\/chacosintesis.com.ar\/index.php\/wp-json\/wp\/v2\/media?parent=20326"}],"wp:term":[{"taxonomy":"category","embeddable":true,"href":"https:\/\/chacosintesis.com.ar\/index.php\/wp-json\/wp\/v2\/categories?post=20326"},{"taxonomy":"post_tag","embeddable":true,"href":"https:\/\/chacosintesis.com.ar\/index.php\/wp-json\/wp\/v2\/tags?post=20326"}],"curies":[{"name":"wp","href":"https:\/\/api.w.org\/{rel}","templated":true}]}}