{"id":20323,"date":"2023-04-10T12:39:00","date_gmt":"2023-04-10T15:39:00","guid":{"rendered":"https:\/\/chacosintesis.com.ar\/?p=20323"},"modified":"2023-04-10T13:06:59","modified_gmt":"2023-04-10T16:06:59","slug":"polinia-capitanich-le-deberia-dar-verguenza-postularse-a-un-nuevo-mandato","status":"publish","type":"post","link":"https:\/\/chacosintesis.com.ar\/index.php\/polinia-capitanich-le-deberia-dar-verguenza-postularse-a-un-nuevo-mandato\/","title":{"rendered":"Polini:&#8221;A Capitanich le deber\u00eda dar verg\u00fcenza postularse a un nuevo mandato&#8221;"},"content":{"rendered":"<p>Consultado sobre un informe publicado en medios nacionales donde se remarca que el \u201cGran Resistencia super\u00f3 su propio r\u00e9cord y la situaci\u00f3n por la pobreza empeora\u201d, el farmac\u00e9utico, productor agropecuario y precandidato a gobernador del Chaco, Juan Carlos Polini, fue contundente al responder \u201cA Capitanich deber\u00eda darle verg\u00fcenza postularse para un nuevo mandato\u201d.<br \/>\nSobre la situaci\u00f3n econ\u00f3mica y social que atraviesa la provincia, Polini expres\u00f3 su posici\u00f3n \u201cChaco es la cuarta provincia que m\u00e1s dinero recibe de Naci\u00f3n en concepto de coparticipaci\u00f3n adem\u00e1s de las asistencias del tesoro nacional,  por ejemplo, en el presupuesto del a\u00f1o 2022 la inflaci\u00f3n estimada fue del 33% y la real fue del 100%, eso significa que ingres\u00f3 un 67% m\u00e1s de dinero a la caja provincial respecto de lo que dijeron que iba a ingresar, y para este 20223 ocurre exactamente lo mismo, la inflaci\u00f3n estimada es del 60% y ya todos los informes indican que superar\u00e1 el 110%, es decir que ingresar\u00e1, como m\u00ednimo,  un 50% m\u00e1s de dinero a la caja que lo informado, representa una gran cantidad de recursos sobre los cuales no se sabe el destino\u201d<br \/>\nA fin de ejemplificar su cuestionamiento, Polini pregunt\u00f3 \u201c\u00bfLos salarios y jubilaciones aumentaron un 100%? No. \u00bfSe implementaron pol\u00edticas p\u00fablicas para bajar la pobreza y la indigencia? No. \u00bfSe hicieron las inversiones para contar con un sistema de  salud eficiente? No. \u00bfSe invirti\u00f3 en seguridad para que no tengamos que vivir tras las rejas o mirando para todos lados al salir a trabajar o a la escuela? No. \u00bfSe invirti\u00f3 en calidad educativa para que nuestros ni\u00f1os, ni\u00f1as y j\u00f3venes terminen la escuela con los conocimientos necesarios para encarar sus proyectos personales? No.<br \/>\n\u00bfSe invierte en pol\u00edticas p\u00fablicas que generen empleo y oportunidades para que  nuestros j\u00f3venes no tengan que irse del Chaco? No. \u00bfSe invirti\u00f3 en pol\u00edticas que acompa\u00f1en al sector productivo de manera de dar valor agregado a la materia prima en origen? No. \u00bfSe acompa\u00f1a al sector privado, comercios, pymes, emprendedores, industrias? No. \u00bfSe bajaron impuestos para promover el crecimiento y la inversi\u00f3n? No. \u00bfSe invirti\u00f3 en pol\u00edticas de sustentabilidad para que el desarrollo de la producci\u00f3n y el empleo tengan como base patrones cuyos ejes sean el cuidado del ambiente y la calidad de vida de la poblaci\u00f3n? No.<br \/>\n\u00bfSe garantiza la libre circulaci\u00f3n de quienes tienen que trabajar, estudiar o seguir un tratamiento de m\u00e9dico? No. \u00bfLleg\u00f3 el agua potable al interior? No. \u00bfHay tarifa diferencial de energ\u00eda? No. Y podr\u00edamos seguir, pero haci\u00e9ndonos estas pocas preguntas es muy f\u00e1cil concluir que mientras la administraci\u00f3n Capitanich es cada d\u00eda m\u00e1s rica los chaque\u00f1os son cada d\u00eda m\u00e1s pobres, rehenes de un modelo inmoral, deber\u00eda darle verg\u00fcenza postularse para un nuevo mandato\u201d.<br \/>\nFinalmente Polini se\u00f1al\u00f3 \u201cSi queremos vivir en un Chaco distinto, es necesario gente distinta, no hay otra forma, si siguen estando los mismos los resultados ser\u00e1n siempre los mismos, hay personas distintas, yo soy distinto, mi gobierno ser\u00e1 distinto porque se fijar\u00e1n prioridades, habr\u00e1 orden y respeto a la Ley, con el acompa\u00f1amiento de los chaque\u00f1os y chaque\u00f1as de bien voy a ponerme al hombro el trabajo que hay que hacer para tener un Chaco distinto, de progreso y bienestar\u201d.<\/p>\n","protected":false},"excerpt":{"rendered":"<p>Consultado sobre un informe publicado en medios nacionales donde se remarca que el \u201cGran Resistencia super\u00f3 su propio r\u00e9cord y la situaci\u00f3n por la pobreza empeora\u201d, el farmac\u00e9utico, productor agropecuario y precandidato a gobernador del Chaco, Juan Carlos Polini, fue contundente al responder \u201cA Capitanich deber\u00eda darle verg\u00fcenza postularse para un nuevo mandato\u201d. Sobre la [&hellip;]<\/p>\n","protected":false},"author":1,"featured_media":20324,"comment_status":"closed","ping_status":"closed","sticky":false,"template":"","format":"standard","meta":{"footnotes":""},"categories":[6],"tags":[],"class_list":{"0":"post-20323","1":"post","2":"type-post","3":"status-publish","4":"format-standard","5":"has-post-thumbnail","7":"category-chaco"},"_links":{"self":[{"href":"https:\/\/chacosintesis.com.ar\/index.php\/wp-json\/wp\/v2\/posts\/20323","targetHints":{"allow":["GET"]}}],"collection":[{"href":"https:\/\/chacosintesis.com.ar\/index.php\/wp-json\/wp\/v2\/posts"}],"about":[{"href":"https:\/\/chacosintesis.com.ar\/index.php\/wp-json\/wp\/v2\/types\/post"}],"author":[{"embeddable":true,"href":"https:\/\/chacosintesis.com.ar\/index.php\/wp-json\/wp\/v2\/users\/1"}],"replies":[{"embeddable":true,"href":"https:\/\/chacosintesis.com.ar\/index.php\/wp-json\/wp\/v2\/comments?post=20323"}],"version-history":[{"count":0,"href":"https:\/\/chacosintesis.com.ar\/index.php\/wp-json\/wp\/v2\/posts\/20323\/revisions"}],"wp:featuredmedia":[{"embeddable":true,"href":"https:\/\/chacosintesis.com.ar\/index.php\/wp-json\/wp\/v2\/media\/20324"}],"wp:attachment":[{"href":"https:\/\/chacosintesis.com.ar\/index.php\/wp-json\/wp\/v2\/media?parent=20323"}],"wp:term":[{"taxonomy":"category","embeddable":true,"href":"https:\/\/chacosintesis.com.ar\/index.php\/wp-json\/wp\/v2\/categories?post=20323"},{"taxonomy":"post_tag","embeddable":true,"href":"https:\/\/chacosintesis.com.ar\/index.php\/wp-json\/wp\/v2\/tags?post=20323"}],"curies":[{"name":"wp","href":"https:\/\/api.w.org\/{rel}","templated":true}]}}