{"id":20321,"date":"2023-04-10T12:37:41","date_gmt":"2023-04-10T15:37:41","guid":{"rendered":"https:\/\/chacosintesis.com.ar\/?p=20321"},"modified":"2023-04-10T13:06:59","modified_gmt":"2023-04-10T16:06:59","slug":"capitanich-haremos-un-esfuerzo-de-integrar-a-los-sectores-que-se-dispersaron-desde-el-2015","status":"publish","type":"post","link":"https:\/\/chacosintesis.com.ar\/index.php\/capitanich-haremos-un-esfuerzo-de-integrar-a-los-sectores-que-se-dispersaron-desde-el-2015\/","title":{"rendered":"Capitanich: \u201cHaremos un esfuerzo de integrar a los sectores que se dispersaron desde el 2015\u201d"},"content":{"rendered":"<p>La meta es construir unidad para continuar el proyecto de transformaci\u00f3n del Chaco. Adelant\u00f3 que de ser reelecto como gobernador, \u00e9ste ser\u00eda su \u00faltimo mandato.<\/p>\n<p>El gobernador Jorge Capitanich habl\u00f3 sobre las posibles alianzas pol\u00edticas provinciales de cara a las PASO que en la provincia del Chaco se celebrar\u00e1n el pr\u00f3ximo 18 de junio. En contacto con los medios de prensa en Laguna Banca y al ser consultado sobre los trascendidos period\u00edsticos respecto a un posible acuerdo con el ex vicegobernador Juan Carlos Bacileff Ivanoff, el mandatario dijo: \u201cHaremos un esfuerzo de integrar a los sectores que se dispersaron desde el 2015. No tenemos ning\u00fan cierre con ning\u00fan frente o alianza de nada, pero creemos en la unidad y por eso vamos a hablar con todos. Vamos a promover el m\u00e1ximo consenso posible\u201d.<br \/>\n\u201cEsta nueva etapa 2023-2027, dentro de nuestro espacio significa construir la unidad, generar la plataforma para un trasvasamiento generacional ordenado y promover para la provincia un cambio s\u00f3lido, seguro, previsible, que implica hacer esto que estamos haciendo\u201d, prosigui\u00f3 en la localidad donde inaugur\u00f3 pavimento, recorri\u00f3 obras de viviendas y entreg\u00f3 herramientas. E insisti\u00f3: \u201cPara que quede claro: vamos a hacer el m\u00e1ximo esfuerzo para unir a todos, no s\u00f3lo de nuestro espacio interno sino de otros espacios. Este es el esquema que nos planteamos y esta quincena vamos a trabajar en ello\u201d. \u201cQueremos tener unas PASO con mucha participaci\u00f3n ciudadana que nos permita fortalecer nuestro espacio y la participaci\u00f3n democr\u00e1tica en el Chaco\u201d, coment\u00f3 Capitanich.<br \/>\nRespecto de las encuestas que lo igualan con la oposici\u00f3n, el gobernador chaque\u00f1o dijo que \u201cla primera gran encuesta son las PASO\u201d. \u201cY hay algo que sostengo: los ciudadanos y ciudadanas chaque\u00f1as pueden dudar de nosotros, pero de la oposici\u00f3n no; porque sinceramente cada vez que le toc\u00f3 gobernar hicieron un desastre. Ahora somos una provincia ordenada fiscalmente, que tiene r\u00e9cord de inversi\u00f3n de obra p\u00fablica y que cumpli\u00f3 los compromisos que asumi\u00f3. Sabemos que siempre van a surgir temas que es necesario mejorar, pero s\u00ed sabemos que nosotros lideramos, transformamos, hacemos y eso queda claro en nuestra gesti\u00f3n\u201d, destac\u00f3 Capitanich.<br \/>\nRespecto de la relaci\u00f3n con Leandro Zdero, el gobernador chaque\u00f1o aclar\u00f3 que \u201cnunca tuve un di\u00e1logo con \u00e9l y estamos dispuestos a sumar a todos los que quieran formar parte de un espacio de unidad provincial para construir un gran consenso para la provincia\u201d.<br \/>\nCapitanich dijo que si decide presentarse como candidato a gobernador y es nuevamente elegido por el pueblo chaque\u00f1o, este ser\u00eda su \u00faltimo mandato al frente de la provincia. \u201cEn ese sentido es que har\u00e9 mi m\u00e1ximo esfuerzo para unir y no para dividir, porque hay que construir ese trasvasamiento generacional\u201d, concluy\u00f3.<\/p>\n","protected":false},"excerpt":{"rendered":"<p>La meta es construir unidad para continuar el proyecto de transformaci\u00f3n del Chaco. Adelant\u00f3 que de ser reelecto como gobernador, \u00e9ste ser\u00eda su \u00faltimo mandato. El gobernador Jorge Capitanich habl\u00f3 sobre las posibles alianzas pol\u00edticas provinciales de cara a las PASO que en la provincia del Chaco se celebrar\u00e1n el pr\u00f3ximo 18 de junio. En [&hellip;]<\/p>\n","protected":false},"author":1,"featured_media":20322,"comment_status":"closed","ping_status":"closed","sticky":false,"template":"","format":"standard","meta":{"footnotes":""},"categories":[6],"tags":[],"class_list":{"0":"post-20321","1":"post","2":"type-post","3":"status-publish","4":"format-standard","5":"has-post-thumbnail","7":"category-chaco"},"_links":{"self":[{"href":"https:\/\/chacosintesis.com.ar\/index.php\/wp-json\/wp\/v2\/posts\/20321","targetHints":{"allow":["GET"]}}],"collection":[{"href":"https:\/\/chacosintesis.com.ar\/index.php\/wp-json\/wp\/v2\/posts"}],"about":[{"href":"https:\/\/chacosintesis.com.ar\/index.php\/wp-json\/wp\/v2\/types\/post"}],"author":[{"embeddable":true,"href":"https:\/\/chacosintesis.com.ar\/index.php\/wp-json\/wp\/v2\/users\/1"}],"replies":[{"embeddable":true,"href":"https:\/\/chacosintesis.com.ar\/index.php\/wp-json\/wp\/v2\/comments?post=20321"}],"version-history":[{"count":0,"href":"https:\/\/chacosintesis.com.ar\/index.php\/wp-json\/wp\/v2\/posts\/20321\/revisions"}],"wp:featuredmedia":[{"embeddable":true,"href":"https:\/\/chacosintesis.com.ar\/index.php\/wp-json\/wp\/v2\/media\/20322"}],"wp:attachment":[{"href":"https:\/\/chacosintesis.com.ar\/index.php\/wp-json\/wp\/v2\/media?parent=20321"}],"wp:term":[{"taxonomy":"category","embeddable":true,"href":"https:\/\/chacosintesis.com.ar\/index.php\/wp-json\/wp\/v2\/categories?post=20321"},{"taxonomy":"post_tag","embeddable":true,"href":"https:\/\/chacosintesis.com.ar\/index.php\/wp-json\/wp\/v2\/tags?post=20321"}],"curies":[{"name":"wp","href":"https:\/\/api.w.org\/{rel}","templated":true}]}}