{"id":20313,"date":"2023-03-19T10:45:00","date_gmt":"2023-03-19T13:45:00","guid":{"rendered":"https:\/\/chacosintesis.com.ar\/?p=20313"},"modified":"2023-04-10T12:27:56","modified_gmt":"2023-04-10T15:27:56","slug":"no-tenemos-que-quedarnos-solo-en-discursos-hay-que-trabajar-por-las-mujeres-victimas-de-violencia-senalo-cuesta","status":"publish","type":"post","link":"https:\/\/chacosintesis.com.ar\/index.php\/no-tenemos-que-quedarnos-solo-en-discursos-hay-que-trabajar-por-las-mujeres-victimas-de-violencia-senalo-cuesta\/","title":{"rendered":"&#8220;No tenemos que quedarnos solo en discursos, hay que trabajar por las mujeres v\u00edctimas de violencia&#8221;, se\u00f1al\u00f3 Cuesta"},"content":{"rendered":"\n<p>Con la idea de que todas y todos conozcan la legislaci\u00f3n vigente en materia de g\u00e9nero, la presidenta del Poder Legislativo, Elida Cuesta, con las diputadas Jessica Ayala y Paola Ben\u00edtez, entreg\u00f3 el Compendio Tem\u00e1tico de las Violencias a las instituciones, organizaciones y asociaciones que trabajan junto a las v\u00edctimas de violencia de g\u00e9nero.<br>Con el acompa\u00f1amiento de la Multisectorial de la Mujer del Poder Legislativo, en el recinto se entregaron ejemplares a m\u00e1s de 40 representantes de las diferentes entidades que desempe\u00f1an un importante labor con las v\u00edctimas de este flagelo.<br>Con legislaci\u00f3n vigente de normas provinciales, nacionales e internacionales, como tambi\u00e9n n\u00fameros \u00fatiles a los cuales llamar en casos de ser v\u00edctima de violencia. &#8220;Esta herramienta la consideramos fundamental, todas y todos tienen que conocer la legislaci\u00f3n vigente en materia e g\u00e9nero&#8221;, remarc\u00f3 Cuesta, quien adem\u00e1s sostuvo que &#8220;todas las leyes que sancionamos ac\u00e1 en la Legislatura tienen que llegar a la gente para que conozca sus derechos&#8221;.<br>El Poder Judicial tambi\u00e9n recibi\u00f3 esta obra para trabajar coordinamente en la problem\u00e1tica, ya que &#8220;no tenemos que quedarnos solo en discursos, hay que trabajar junto a quienes est\u00e1n con las mujeres v\u00edctimas de violencia. Es una pol\u00edtica de Estado que permite conocer las normas que nos protegen&#8221;, remarc\u00f3 Cuesta.<br>En el mismo sentido, la legisladora Jessica Ayala mostr\u00f3 su satisfacci\u00f3n por el aporte del Poder Legislativo a las organizaciones que luchan contra las violencias en raz\u00f3n de g\u00e9nero y tambi\u00e9n en la protecci\u00f3n de ni\u00f1as, ni\u00f1os y adolescentes. &#8220;Creo en su importancia porque son las que est\u00e1n en el territorio y tienen el conocimiento inmediato en los casos. Como representantes tenemos el deber de acompa\u00f1ar pero, por sobre todo, brindar esta herramienta que viene a coadyuvar en todas las normas sancionadas&#8221;, se\u00f1al\u00f3.<br>Desde la Multisectorial de la Mujer, su titular, Elba Rojas, coincidi\u00f3 con las legisladoras sobre el acceso a una herramienta para el conocimiento de las leyes sobre g\u00e9nero. &#8220;Para quienes estamos en territorio es fundamental, necesitamos seguir consolidando nuestro trabajo para erradicar de una vez por todas este flagelo. No queremos m\u00e1s violencia, tenemos que trabajar m\u00e1s fuerte y esto nos da un impulso para continuar por el buen camino&#8221;, concluy\u00f3.<\/p>\n","protected":false},"excerpt":{"rendered":"<p>Con la idea de que todas y todos conozcan la legislaci\u00f3n vigente en materia de g\u00e9nero, la presidenta del Poder Legislativo, Elida Cuesta, con las diputadas Jessica Ayala y Paola Ben\u00edtez, entreg\u00f3 el Compendio Tem\u00e1tico de las Violencias a las instituciones, organizaciones y asociaciones que trabajan junto a las v\u00edctimas de violencia de g\u00e9nero.Con el [&hellip;]<\/p>\n","protected":false},"author":1,"featured_media":20314,"comment_status":"closed","ping_status":"closed","sticky":false,"template":"","format":"standard","meta":{"footnotes":""},"categories":[6],"tags":[202],"class_list":{"0":"post-20313","1":"post","2":"type-post","3":"status-publish","4":"format-standard","5":"has-post-thumbnail","7":"category-chaco","8":"tag-legislatura"},"_links":{"self":[{"href":"https:\/\/chacosintesis.com.ar\/index.php\/wp-json\/wp\/v2\/posts\/20313","targetHints":{"allow":["GET"]}}],"collection":[{"href":"https:\/\/chacosintesis.com.ar\/index.php\/wp-json\/wp\/v2\/posts"}],"about":[{"href":"https:\/\/chacosintesis.com.ar\/index.php\/wp-json\/wp\/v2\/types\/post"}],"author":[{"embeddable":true,"href":"https:\/\/chacosintesis.com.ar\/index.php\/wp-json\/wp\/v2\/users\/1"}],"replies":[{"embeddable":true,"href":"https:\/\/chacosintesis.com.ar\/index.php\/wp-json\/wp\/v2\/comments?post=20313"}],"version-history":[{"count":0,"href":"https:\/\/chacosintesis.com.ar\/index.php\/wp-json\/wp\/v2\/posts\/20313\/revisions"}],"wp:featuredmedia":[{"embeddable":true,"href":"https:\/\/chacosintesis.com.ar\/index.php\/wp-json\/wp\/v2\/media\/20314"}],"wp:attachment":[{"href":"https:\/\/chacosintesis.com.ar\/index.php\/wp-json\/wp\/v2\/media?parent=20313"}],"wp:term":[{"taxonomy":"category","embeddable":true,"href":"https:\/\/chacosintesis.com.ar\/index.php\/wp-json\/wp\/v2\/categories?post=20313"},{"taxonomy":"post_tag","embeddable":true,"href":"https:\/\/chacosintesis.com.ar\/index.php\/wp-json\/wp\/v2\/tags?post=20313"}],"curies":[{"name":"wp","href":"https:\/\/api.w.org\/{rel}","templated":true}]}}