{"id":20307,"date":"2023-03-17T12:21:00","date_gmt":"2023-03-17T15:21:00","guid":{"rendered":"https:\/\/chacosintesis.com.ar\/?p=20307"},"modified":"2023-04-10T12:23:12","modified_gmt":"2023-04-10T15:23:12","slug":"cuesta-recibio-a-policias-retirados-para-avanzar-con-el-ascenso-de-agentes-post-mortem-en-casos-heroicos","status":"publish","type":"post","link":"https:\/\/chacosintesis.com.ar\/index.php\/cuesta-recibio-a-policias-retirados-para-avanzar-con-el-ascenso-de-agentes-post-mortem-en-casos-heroicos\/","title":{"rendered":"Cuesta recibi\u00f3 a polic\u00edas retirados para avanzar con el ascenso de agentes post mortem en casos heroicos"},"content":{"rendered":"\n<p>La presidenta del Poder Legislativo, Elida Cuesta, recibi\u00f3 a miembros de la Asociaci\u00f3n de Polic\u00edas y Penitenciarios Retirados con quienes abordaron la modificaci\u00f3n del proyecto de ley 2030\/2018, el cual pretende incorporar el otorgamiento del ascenso post mortem en el caso del personal policial que, en cualquier momento y lugar aislado, subordinado o en ejercicio del mando, haya realizado un acto heroico y perdiera la vida, en cuyo caso ser\u00e1 ascendido al \u00faltimo grado jer\u00e1rquico del escalaf\u00f3n que corresponda.<br>En ese sentido Cuesta manifest\u00f3 que, junto a la asociaci\u00f3n, van a trabajar sobre el texto del proyecto que se encuentra en tratamiento en comisiones para que, de esta manera, \u201cel beneficio ayude a las familias, las cuales quedan muchas veces desamparadas, con una contenci\u00f3n por parte del Estado despu\u00e9s que el agente perdiera la vida en un acto heroico\u201d.<br>Para la presidenta, recibir a las asociaciones o agrupaciones es la mejor manera de trabajar directamente en leyes que ayuden a las y los trabajadores y sus familiares. \u201cLa Casa de la Democracia est\u00e1 abierta al di\u00e1logo y trabajo en conjunto, queremos normas eficientes para ayudar a las y los chaque\u00f1os\u201d, se\u00f1al\u00f3.<br>Ver\u00f3nica Ram\u00edrez, miembro de la Asociaci\u00f3n de Polic\u00edas y Penitenciarios Retirados, plante\u00f3 el inter\u00e9s que tienen por trabajar en el referido proyecto de ley y la modificaci\u00f3n de uno de sus art\u00edculos acerca de las jerarqu\u00edas que obtendr\u00edan un reconocimiento una vez fallecido el empleado policial en el acto de servicio. \u201cEsto va a redundar en beneficio para los familiares que quedan, a veces, en condiciones muy precarias porque no son asistidos o sus hijos no tienen la contenci\u00f3n necesaria. Es la primera funcionaria con quien tuvimos un acercamiento, la que nos recibi\u00f3 para trabajar sobre los temas que interesan y necesitan los agentes\u201d, concluy\u00f3.<\/p>\n","protected":false},"excerpt":{"rendered":"<p>La presidenta del Poder Legislativo, Elida Cuesta, recibi\u00f3 a miembros de la Asociaci\u00f3n de Polic\u00edas y Penitenciarios Retirados con quienes abordaron la modificaci\u00f3n del proyecto de ley 2030\/2018, el cual pretende incorporar el otorgamiento del ascenso post mortem en el caso del personal policial que, en cualquier momento y lugar aislado, subordinado o en ejercicio [&hellip;]<\/p>\n","protected":false},"author":1,"featured_media":20308,"comment_status":"closed","ping_status":"closed","sticky":false,"template":"","format":"standard","meta":{"footnotes":""},"categories":[6],"tags":[202],"class_list":{"0":"post-20307","1":"post","2":"type-post","3":"status-publish","4":"format-standard","5":"has-post-thumbnail","7":"category-chaco","8":"tag-legislatura"},"_links":{"self":[{"href":"https:\/\/chacosintesis.com.ar\/index.php\/wp-json\/wp\/v2\/posts\/20307","targetHints":{"allow":["GET"]}}],"collection":[{"href":"https:\/\/chacosintesis.com.ar\/index.php\/wp-json\/wp\/v2\/posts"}],"about":[{"href":"https:\/\/chacosintesis.com.ar\/index.php\/wp-json\/wp\/v2\/types\/post"}],"author":[{"embeddable":true,"href":"https:\/\/chacosintesis.com.ar\/index.php\/wp-json\/wp\/v2\/users\/1"}],"replies":[{"embeddable":true,"href":"https:\/\/chacosintesis.com.ar\/index.php\/wp-json\/wp\/v2\/comments?post=20307"}],"version-history":[{"count":0,"href":"https:\/\/chacosintesis.com.ar\/index.php\/wp-json\/wp\/v2\/posts\/20307\/revisions"}],"wp:featuredmedia":[{"embeddable":true,"href":"https:\/\/chacosintesis.com.ar\/index.php\/wp-json\/wp\/v2\/media\/20308"}],"wp:attachment":[{"href":"https:\/\/chacosintesis.com.ar\/index.php\/wp-json\/wp\/v2\/media?parent=20307"}],"wp:term":[{"taxonomy":"category","embeddable":true,"href":"https:\/\/chacosintesis.com.ar\/index.php\/wp-json\/wp\/v2\/categories?post=20307"},{"taxonomy":"post_tag","embeddable":true,"href":"https:\/\/chacosintesis.com.ar\/index.php\/wp-json\/wp\/v2\/tags?post=20307"}],"curies":[{"name":"wp","href":"https:\/\/api.w.org\/{rel}","templated":true}]}}