{"id":20304,"date":"2023-03-16T14:48:00","date_gmt":"2023-03-16T17:48:00","guid":{"rendered":"https:\/\/chacosintesis.com.ar\/?p=20304"},"modified":"2023-04-10T12:20:44","modified_gmt":"2023-04-10T15:20:44","slug":"todas-coinciden-en-el-empoderamiento-a-lo-largo-de-estos-anos-destaco-elida-cuesta","status":"publish","type":"post","link":"https:\/\/chacosintesis.com.ar\/index.php\/todas-coinciden-en-el-empoderamiento-a-lo-largo-de-estos-anos-destaco-elida-cuesta\/","title":{"rendered":"\u201cTodas coinciden en el empoderamiento a lo largo de estos a\u00f1os\u201d, destac\u00f3 Elida Cuesta"},"content":{"rendered":"\n<p>En un marco familiar y emotivo, la presidenta del Poder Legislativo, Elida Cuesta, acompa\u00f1\u00f3 el evento denominado Ocho Mujeres Cuentan su Historia en el Club Social de Resistencia. Junto a la diputada Zulma Galeano y las concejalas Mar\u00eda Teresa Celada y Soledad Villagra, la legisladora destac\u00f3 el reconocimiento a las mujeres que relataron sus vidas y remarc\u00f3 que \u201ctodas coinciden en el empoderamiento a lo largo de estos a\u00f1os y c\u00f3mo fuimos ganando espacios que antes no ten\u00edamos\u201d.<br>Recibieron la placa conmemorativa en el Mes de la Mujer, la docente Rosa Curuchet; la licenciada en Psicolog\u00eda, Graciela Riehme; la artesana Gricelda Canciani; la arquitecta Laura Osorio; la presidenta de la Comisi\u00f3n Multisectorial de la Mujer del Poder Legislativo, Elba Rojas; la doctora Fedra Diacoluca; la arquitecta Marly Taboada, oriunda del Per\u00fa; y la periodista Delfina C\u00e1ceres.<br>En ese sentido, la titular legislativa destac\u00f3 que \u201cocho mujeres con diferentes profesiones coinciden en el empoderamiento a lo largo de estos a\u00f1os; fuimos ganando espacios que antes no ten\u00edamos, por lo que todav\u00eda tenemos que hacer mucho\u201d. La diputada remarc\u00f3 que sin dudas se ha ido construyendo el camino juntas, logrando una ciudad y una provincia con equidad y mayor igualdad. \u201cOjal\u00e1 que nuestras ni\u00f1as, ni\u00f1os y adolescentes tengan estos valores, los practiquen y logremos entre todos una provincia m\u00e1s equitativa, tolerante y con mucho respeto\u201d, augur\u00f3.<br>Cuesta, al ser consultada sobre las mujeres inmigrantes que vinieron al pa\u00eds, expres\u00f3 que \u201cmuchas veces no tomamos dimensi\u00f3n, en estos momentos tan dif\u00edciles y de tanta cr\u00edtica, escuchar extranjeras que hablen tan bien de nuestro pa\u00eds, que pudieron estudiar gratuitamente y acceder a un servicio de salud gratuito, es importante. Estoy orgullosa de ser argentina\u201d, remarc\u00f3. Asimismo, resalt\u00f3 que \u201cesa es nuestra argentina, eso somos nosotros, un pa\u00eds de brazos abiertos que puede congregar a todos sin ninguna distinci\u00f3n, para que cada uno pueda desarrollarse y cumplir sus sue\u00f1os, m\u00e1s all\u00e1 del pa\u00eds al que pertenezca\u201d.<br>Por su parte, la concejala Mar\u00eda Teresa Celada se\u00f1al\u00f3 que estos espacios de expresi\u00f3n, en los que las mujeres se re\u00fanen \u201cfueron muy gratificantes\u201d. Al mismo tiempo dijo que \u201chan dejado ense\u00f1anzas important\u00edsimas. Nos han contado sus vidas y su camino para llegar a donde ellas est\u00e1n. Nos inyectaron much\u00edsimo \u00e1nimo para seguir trabajando, no solo por ellas, sino por todas las mujeres de nuestra provincia\u201d.<\/p>\n\n\n\n<p>\u201cEs un mimo para seguir con mucha fuerza\u201d<br>Una de las homenajeadas, la arquitecta Laura Osorio, manifest\u00f3 su agradecimiento y resalt\u00f3 que \u201cfue una linda experiencia en un mes muy representativo para las mujeres. Haber sido elegida para expresar mi sensaci\u00f3n, mis pensamientos, me siento halagada. Es un mimo para continuar con mucha fuerza, siempre para adelante, es un lindo reconocimiento\u201d.<\/p>\n","protected":false},"excerpt":{"rendered":"<p>En un marco familiar y emotivo, la presidenta del Poder Legislativo, Elida Cuesta, acompa\u00f1\u00f3 el evento denominado Ocho Mujeres Cuentan su Historia en el Club Social de Resistencia. Junto a la diputada Zulma Galeano y las concejalas Mar\u00eda Teresa Celada y Soledad Villagra, la legisladora destac\u00f3 el reconocimiento a las mujeres que relataron sus vidas [&hellip;]<\/p>\n","protected":false},"author":1,"featured_media":20305,"comment_status":"closed","ping_status":"closed","sticky":false,"template":"","format":"standard","meta":{"footnotes":""},"categories":[6],"tags":[202],"class_list":{"0":"post-20304","1":"post","2":"type-post","3":"status-publish","4":"format-standard","5":"has-post-thumbnail","7":"category-chaco","8":"tag-legislatura"},"_links":{"self":[{"href":"https:\/\/chacosintesis.com.ar\/index.php\/wp-json\/wp\/v2\/posts\/20304","targetHints":{"allow":["GET"]}}],"collection":[{"href":"https:\/\/chacosintesis.com.ar\/index.php\/wp-json\/wp\/v2\/posts"}],"about":[{"href":"https:\/\/chacosintesis.com.ar\/index.php\/wp-json\/wp\/v2\/types\/post"}],"author":[{"embeddable":true,"href":"https:\/\/chacosintesis.com.ar\/index.php\/wp-json\/wp\/v2\/users\/1"}],"replies":[{"embeddable":true,"href":"https:\/\/chacosintesis.com.ar\/index.php\/wp-json\/wp\/v2\/comments?post=20304"}],"version-history":[{"count":0,"href":"https:\/\/chacosintesis.com.ar\/index.php\/wp-json\/wp\/v2\/posts\/20304\/revisions"}],"wp:featuredmedia":[{"embeddable":true,"href":"https:\/\/chacosintesis.com.ar\/index.php\/wp-json\/wp\/v2\/media\/20305"}],"wp:attachment":[{"href":"https:\/\/chacosintesis.com.ar\/index.php\/wp-json\/wp\/v2\/media?parent=20304"}],"wp:term":[{"taxonomy":"category","embeddable":true,"href":"https:\/\/chacosintesis.com.ar\/index.php\/wp-json\/wp\/v2\/categories?post=20304"},{"taxonomy":"post_tag","embeddable":true,"href":"https:\/\/chacosintesis.com.ar\/index.php\/wp-json\/wp\/v2\/tags?post=20304"}],"curies":[{"name":"wp","href":"https:\/\/api.w.org\/{rel}","templated":true}]}}