{"id":20300,"date":"2023-03-15T14:15:00","date_gmt":"2023-03-15T17:15:00","guid":{"rendered":"https:\/\/chacosintesis.com.ar\/?p=20300"},"modified":"2023-04-10T12:18:11","modified_gmt":"2023-04-10T15:18:11","slug":"cuesta-entrego-el-compendio-tematico-de-las-violencias-al-poder-judicial","status":"publish","type":"post","link":"https:\/\/chacosintesis.com.ar\/index.php\/cuesta-entrego-el-compendio-tematico-de-las-violencias-al-poder-judicial\/","title":{"rendered":"Cuesta entreg\u00f3 el Compendio Tem\u00e1tico de las Violencias al Poder Judicial"},"content":{"rendered":"\n<p>Con la premisa de dotar a la Justicia chaque\u00f1a de todas las normativas provinciales, nacionales e internacionales sancionadas en materia del combate contra la violencia, la presidenta del Poder Legislativo, Elida Cuesta, junto a la diputada Jessica Ayala, entreg\u00f3 el Compendio Tem\u00e1tico de las Violencias a la Primera Circunscripci\u00f3n Judicial. Participaron del acto la presidenta del Superior Tribunal de Justicia (STJ), Iride Isabel Mar\u00eda Grillo; los ministros Emilia Valle y V\u00edctor del R\u00edo; y el procurador general adjunto de la provincia Miguel Fonteina.<br>Cuesta resalt\u00f3 que la erradicaci\u00f3n de la violencia es una pol\u00edtica de Estado y destac\u00f3 las normativas sancionadas en la Casa de la Democracia en esta materia. \u201cErradicar la violencia es nuestro compromiso y una pol\u00edtica de Estado, pero de nada sirve las normativas que se sancionen si despu\u00e9s no se aplican, por eso nos pareci\u00f3 importante dotar a nuestra Justicia de este Compendio Tem\u00e1tico actualizado en el que se encuentran todas leyes para combatir este flagelo\u201d, manifest\u00f3.<br>Asimismo, remarc\u00f3 la importancia de que la Justicia chaque\u00f1a cuente con esta herramienta importante sobre esta tem\u00e1tica que afecta a la sociedad. \u201cEs muy importante que nuestro Poder Judicial cuente con esta herramienta para que tengamos una Justicia m\u00e1s \u00e1gil e igualitaria para las y los chaque\u00f1os\u201d, marc\u00f3 la titular legislativa.<br>Jessica Ayala manifest\u00f3, por su parte, que el contenido de la obra se triplic\u00f3 en este tiempo, destacando el trabajo que se realiza en la Legislatura en la materia. \u201cEs un orgullo como legisladora acompa\u00f1ar a nuestra presidenta en esta iniciativa, todos los poderes del Estado debemos trabajar en conjunto para que esta pol\u00edtica se vea reflejada en la sociedad\u201d, asegur\u00f3.<\/p>\n\n\n\n<p>Una herramienta fundamental para la Justicia<br>La presidenta del STJ destac\u00f3 esta obra que es \u201cel resultado de tantos quehaceres individuales y colectivos, y de tantas v\u00edctimas que sin dudas inspiraron lo que deb\u00edan hacer nuestros legisladores, y un esfuerzo de toda la ciudadan\u00eda que contribuye con sus impuestos a que haya recursos para que el Poder Legislativo vuelva a editar y producir esta obra\u201d. As\u00ed, Grillo tambi\u00e9n expres\u00f3 que desde el punto de vista normativo se puso la mirada en la Constituci\u00f3n: \u201cEste esfuerzo y esta decisi\u00f3n de la Legislatura es un tributo para que cada juez o funcionario, cada abogado o abogada, y cada persona afectada o amenazada en sus derechos fundamentales, ya que todos estamos expuestos, pueda recurrir a esta herramienta leg\u00edtima\u201d.<\/p>\n","protected":false},"excerpt":{"rendered":"<p>Con la premisa de dotar a la Justicia chaque\u00f1a de todas las normativas provinciales, nacionales e internacionales sancionadas en materia del combate contra la violencia, la presidenta del Poder Legislativo, Elida Cuesta, junto a la diputada Jessica Ayala, entreg\u00f3 el Compendio Tem\u00e1tico de las Violencias a la Primera Circunscripci\u00f3n Judicial. Participaron del acto la presidenta [&hellip;]<\/p>\n","protected":false},"author":1,"featured_media":20302,"comment_status":"closed","ping_status":"closed","sticky":false,"template":"","format":"standard","meta":{"footnotes":""},"categories":[6],"tags":[202],"class_list":{"0":"post-20300","1":"post","2":"type-post","3":"status-publish","4":"format-standard","5":"has-post-thumbnail","7":"category-chaco","8":"tag-legislatura"},"_links":{"self":[{"href":"https:\/\/chacosintesis.com.ar\/index.php\/wp-json\/wp\/v2\/posts\/20300","targetHints":{"allow":["GET"]}}],"collection":[{"href":"https:\/\/chacosintesis.com.ar\/index.php\/wp-json\/wp\/v2\/posts"}],"about":[{"href":"https:\/\/chacosintesis.com.ar\/index.php\/wp-json\/wp\/v2\/types\/post"}],"author":[{"embeddable":true,"href":"https:\/\/chacosintesis.com.ar\/index.php\/wp-json\/wp\/v2\/users\/1"}],"replies":[{"embeddable":true,"href":"https:\/\/chacosintesis.com.ar\/index.php\/wp-json\/wp\/v2\/comments?post=20300"}],"version-history":[{"count":0,"href":"https:\/\/chacosintesis.com.ar\/index.php\/wp-json\/wp\/v2\/posts\/20300\/revisions"}],"wp:featuredmedia":[{"embeddable":true,"href":"https:\/\/chacosintesis.com.ar\/index.php\/wp-json\/wp\/v2\/media\/20302"}],"wp:attachment":[{"href":"https:\/\/chacosintesis.com.ar\/index.php\/wp-json\/wp\/v2\/media?parent=20300"}],"wp:term":[{"taxonomy":"category","embeddable":true,"href":"https:\/\/chacosintesis.com.ar\/index.php\/wp-json\/wp\/v2\/categories?post=20300"},{"taxonomy":"post_tag","embeddable":true,"href":"https:\/\/chacosintesis.com.ar\/index.php\/wp-json\/wp\/v2\/tags?post=20300"}],"curies":[{"name":"wp","href":"https:\/\/api.w.org\/{rel}","templated":true}]}}