{"id":20293,"date":"2023-03-11T12:05:49","date_gmt":"2023-03-11T15:05:49","guid":{"rendered":"https:\/\/chacosintesis.com.ar\/?p=20293"},"modified":"2023-04-10T12:10:04","modified_gmt":"2023-04-10T15:10:04","slug":"comercios-chaquenos-deberan-contar-con-asistencia-para-personas-con-discapacidad","status":"publish","type":"post","link":"https:\/\/chacosintesis.com.ar\/index.php\/comercios-chaquenos-deberan-contar-con-asistencia-para-personas-con-discapacidad\/","title":{"rendered":"Comercios chaque\u00f1os deber\u00e1n contar con asistencia para personas con discapacidad"},"content":{"rendered":"\n<p>El Servicio de Asistencia a Personas con Discapacidad en Locales Comerciales es una nueva herramienta de inclusi\u00f3n que se encuentra vigente bajo la Ley 3077-G sancionada por el Poder Legislativo. La iniciativa, presentada por la presidenta Elida Cuesta, dispone que en todos los locales comerciales de la provincia, cuyo modo de funcionamiento sea el de autoservicio, deber\u00e1 contar con acompa\u00f1amiento personalizado para las personas con discapacidad.<br>El segundo art\u00edculo de la presente norma se\u00f1ala que si la persona lo requiere, el comercio debe brindar asistencia en correlaci\u00f3n con los precios de los productos, ofertas y\/o promociones vigentes, como tambi\u00e9n en el acceso al producto cuando este no est\u00e9 a su alcance.<br>Adem\u00e1s, la titular legislativa manifiesta que \u201clos comercios tienen que disponer de personal de su plantel apropiadamente capacitado y poner a la vista carteles y dispositivos que indiquen la existencia del servicio\u201d. Cuesta agrega que esta ley, como muchas otras que est\u00e1n sancionadas, es parte del trabajo legislativo para brindar el f\u00e1cil acceso a los consumidores que necesitan esta herramienta del Estado que tambi\u00e9n beneficia a los comercios.<br>\u201cCreemos que la verdadera inclusi\u00f3n se da cuando el Estado garantiza derechos y pol\u00edticas adecuadas y efectivas en el tiempo\u201d, remarc\u00f3 la diputada, quien tambi\u00e9n se\u00f1al\u00f3 que queda mucho por hacer y por trabajar con las asociaciones y fundaciones que se desempe\u00f1an en la materia. \u201cEs importante reconocer, adem\u00e1s, que estas instituciones nos ayudan y complementan nuestra tarea legislativa para seguir abordando los temas que son necesarios para la ampliaci\u00f3n de sus derechos\u201d, concluy\u00f3<\/p>\n","protected":false},"excerpt":{"rendered":"<p>El Servicio de Asistencia a Personas con Discapacidad en Locales Comerciales es una nueva herramienta de inclusi\u00f3n que se encuentra vigente bajo la Ley 3077-G sancionada por el Poder Legislativo. La iniciativa, presentada por la presidenta Elida Cuesta, dispone que en todos los locales comerciales de la provincia, cuyo modo de funcionamiento sea el de [&hellip;]<\/p>\n","protected":false},"author":1,"featured_media":20294,"comment_status":"closed","ping_status":"closed","sticky":false,"template":"","format":"standard","meta":{"footnotes":""},"categories":[6],"tags":[202],"class_list":{"0":"post-20293","1":"post","2":"type-post","3":"status-publish","4":"format-standard","5":"has-post-thumbnail","7":"category-chaco","8":"tag-legislatura"},"_links":{"self":[{"href":"https:\/\/chacosintesis.com.ar\/index.php\/wp-json\/wp\/v2\/posts\/20293","targetHints":{"allow":["GET"]}}],"collection":[{"href":"https:\/\/chacosintesis.com.ar\/index.php\/wp-json\/wp\/v2\/posts"}],"about":[{"href":"https:\/\/chacosintesis.com.ar\/index.php\/wp-json\/wp\/v2\/types\/post"}],"author":[{"embeddable":true,"href":"https:\/\/chacosintesis.com.ar\/index.php\/wp-json\/wp\/v2\/users\/1"}],"replies":[{"embeddable":true,"href":"https:\/\/chacosintesis.com.ar\/index.php\/wp-json\/wp\/v2\/comments?post=20293"}],"version-history":[{"count":0,"href":"https:\/\/chacosintesis.com.ar\/index.php\/wp-json\/wp\/v2\/posts\/20293\/revisions"}],"wp:featuredmedia":[{"embeddable":true,"href":"https:\/\/chacosintesis.com.ar\/index.php\/wp-json\/wp\/v2\/media\/20294"}],"wp:attachment":[{"href":"https:\/\/chacosintesis.com.ar\/index.php\/wp-json\/wp\/v2\/media?parent=20293"}],"wp:term":[{"taxonomy":"category","embeddable":true,"href":"https:\/\/chacosintesis.com.ar\/index.php\/wp-json\/wp\/v2\/categories?post=20293"},{"taxonomy":"post_tag","embeddable":true,"href":"https:\/\/chacosintesis.com.ar\/index.php\/wp-json\/wp\/v2\/tags?post=20293"}],"curies":[{"name":"wp","href":"https:\/\/api.w.org\/{rel}","templated":true}]}}