{"id":20290,"date":"2023-03-09T13:03:00","date_gmt":"2023-03-09T16:03:00","guid":{"rendered":"https:\/\/chacosintesis.com.ar\/?p=20290"},"modified":"2023-04-10T12:05:45","modified_gmt":"2023-04-10T15:05:45","slug":"programa-de-cirugia-reconstructiva-la-iniciativa-de-cuesta-para-victimas-de-violencia","status":"publish","type":"post","link":"https:\/\/chacosintesis.com.ar\/index.php\/programa-de-cirugia-reconstructiva-la-iniciativa-de-cuesta-para-victimas-de-violencia\/","title":{"rendered":"Programa de Cirug\u00eda Reconstructiva: la iniciativa de Cuesta para v\u00edctimas de violencia"},"content":{"rendered":"\n<p>Con la premisa de paliar los efectos f\u00edsicos y psicol\u00f3gicos sufridos por las v\u00edctimas de violencia de g\u00e9nero, el Poder Legislativo sancion\u00f3 una ley que establece en toda la provincia el Programa de Cirug\u00eda Reconstructiva Est\u00e9tica para Personas V\u00edctimas de Violencia. La iniciativa impulsada por la presidenta Elida Cuesta faculta al Ministerio de Salud la realizaci\u00f3n de cirug\u00eda est\u00e9tica a las personas cuyo da\u00f1o se haya configurado como consecuencia de una agresi\u00f3n f\u00edsica.<br>La implementaci\u00f3n del programa se desarrollar\u00e1 en hospitales p\u00fablicos que posean profesionales, instrumentales y tecnolog\u00eda adecuada para llevar adelante la intervenci\u00f3n.<br>Cuesta marc\u00f3 la importancia de atender con pol\u00edticas p\u00fablicas activas a las v\u00edctimas de violencia de g\u00e9nero. \u201cLas secuelas de la violencia no son solo f\u00edsicas, sino tambi\u00e9n psicol\u00f3gicas, por eso este programa busca paliar el da\u00f1o brindando una reparaci\u00f3n est\u00e9tica a las v\u00edctimas\u201d, manifest\u00f3.<br>Asimismo, explic\u00f3 que todas las personas que requieran acceder al programa deber\u00e1n contar con la denuncia correspondiente. \u201cEntendemos que la reparaci\u00f3n est\u00e9tica es muy importante para la autoestima, por eso, toda persona que quiera acceder a la intervenci\u00f3n deber\u00e1 solicitarla con la denuncia correspondiente hacia al agresor\u201d, remarc\u00f3.<br>Por otra parte, el programa establece que para acceder a la reparaci\u00f3n est\u00e9tica deber\u00e1 realizarse un informe por parte de un equipo de m\u00e9dicos o especialistas que examinar\u00e1n a la v\u00edctima de violencia y evaluar\u00e1n las secuelas a nivel funcional, psicol\u00f3gico y est\u00e9tico del da\u00f1o sufrido.<br>En este sentido, el informe deber\u00e1 avalar la necesidad de realizar la intervenci\u00f3n quir\u00fargica est\u00e9tica a fin de brindar una asistencia integral y oportuna a la v\u00edctima de violencia de g\u00e9nero<\/p>\n","protected":false},"excerpt":{"rendered":"<p>Con la premisa de paliar los efectos f\u00edsicos y psicol\u00f3gicos sufridos por las v\u00edctimas de violencia de g\u00e9nero, el Poder Legislativo sancion\u00f3 una ley que establece en toda la provincia el Programa de Cirug\u00eda Reconstructiva Est\u00e9tica para Personas V\u00edctimas de Violencia. La iniciativa impulsada por la presidenta Elida Cuesta faculta al Ministerio de Salud la [&hellip;]<\/p>\n","protected":false},"author":1,"featured_media":20291,"comment_status":"closed","ping_status":"closed","sticky":false,"template":"","format":"standard","meta":{"footnotes":""},"categories":[6],"tags":[202],"class_list":{"0":"post-20290","1":"post","2":"type-post","3":"status-publish","4":"format-standard","5":"has-post-thumbnail","7":"category-chaco","8":"tag-legislatura"},"_links":{"self":[{"href":"https:\/\/chacosintesis.com.ar\/index.php\/wp-json\/wp\/v2\/posts\/20290","targetHints":{"allow":["GET"]}}],"collection":[{"href":"https:\/\/chacosintesis.com.ar\/index.php\/wp-json\/wp\/v2\/posts"}],"about":[{"href":"https:\/\/chacosintesis.com.ar\/index.php\/wp-json\/wp\/v2\/types\/post"}],"author":[{"embeddable":true,"href":"https:\/\/chacosintesis.com.ar\/index.php\/wp-json\/wp\/v2\/users\/1"}],"replies":[{"embeddable":true,"href":"https:\/\/chacosintesis.com.ar\/index.php\/wp-json\/wp\/v2\/comments?post=20290"}],"version-history":[{"count":0,"href":"https:\/\/chacosintesis.com.ar\/index.php\/wp-json\/wp\/v2\/posts\/20290\/revisions"}],"wp:featuredmedia":[{"embeddable":true,"href":"https:\/\/chacosintesis.com.ar\/index.php\/wp-json\/wp\/v2\/media\/20291"}],"wp:attachment":[{"href":"https:\/\/chacosintesis.com.ar\/index.php\/wp-json\/wp\/v2\/media?parent=20290"}],"wp:term":[{"taxonomy":"category","embeddable":true,"href":"https:\/\/chacosintesis.com.ar\/index.php\/wp-json\/wp\/v2\/categories?post=20290"},{"taxonomy":"post_tag","embeddable":true,"href":"https:\/\/chacosintesis.com.ar\/index.php\/wp-json\/wp\/v2\/tags?post=20290"}],"curies":[{"name":"wp","href":"https:\/\/api.w.org\/{rel}","templated":true}]}}