{"id":20287,"date":"2023-03-07T14:32:00","date_gmt":"2023-03-07T17:32:00","guid":{"rendered":"https:\/\/chacosintesis.com.ar\/?p=20287"},"modified":"2023-04-10T12:03:24","modified_gmt":"2023-04-10T15:03:24","slug":"cuesta-que-nuestra-hermandad-se-convierta-en-fuerza-para-luchar-por-lo-que-falta-y-por-las-que-faltan","status":"publish","type":"post","link":"https:\/\/chacosintesis.com.ar\/index.php\/cuesta-que-nuestra-hermandad-se-convierta-en-fuerza-para-luchar-por-lo-que-falta-y-por-las-que-faltan\/","title":{"rendered":"Cuesta: \u201cQue nuestra hermandad se convierta en fuerza para luchar por lo que falta y por las que faltan\u201d"},"content":{"rendered":"\n<p>En un nuevo 8 de marzo, en que se conmemora y destaca el rol de las mujeres en la sociedad, la presidenta del Poder Legislativo, Elida Cuesta, reflexion\u00f3 sobre la importancia y avance del g\u00e9nero, destac\u00f3 las iniciativas impulsadas desde la Casa de la Democracia chaque\u00f1a en esta materia y convoc\u00f3 a la unidad para erradicar el maltrato y la violencia de g\u00e9nero.<br>Cuesta resalt\u00f3 que en este tiempo las mujeres han avanzado desde la organizaci\u00f3n y este avance debe sostenerse desde la unidad. \u201cEn este d\u00eda tan importante reafirmemos juntas que ha llegado la hora de la mujer, una mujer que lucha, trabaja, emprende y se compromete en cada \u00e1mbito de su vida, entendiendo que unidas somos m\u00e1s fuertes\u201d, manifest\u00f3 la titular legislativa.<br>Asimismo, alent\u00f3 al g\u00e9nero a trabajar por una sociedad mejor. \u201cAbriguemos la misma fe y esperanza de construir una Patria y un mundo mejor con libertad, justicia, libre de maltratos y violencia\u201d, asegur\u00f3.<br>Para la legisladora provincial, la lucha de las mujeres signific\u00f3 siempre un proceso largo en el cual no s\u00f3lo se buscaba la igualdad en todos los espacios de la sociedad, sino la ampliaci\u00f3n de derechos. \u201cLuchamos y nos juntamos mujeres de todos los sectores para pedir derechos, logrando la sanci\u00f3n de normas para que la historia la comencemos a escribir entre todas y todos\u201d, remarc\u00f3 la presidenta.<br>En ese sentido, nombr\u00f3 sendas iniciativas en favor de las mujeres, de su autor\u00eda, como la que establece el 30% de cupo femenino en las listas de cargos electivos en todas las instituciones deportivas de la provincia; la creaci\u00f3n del Programa Provincial de Financiamiento de Proyectos Productivos para el Desarrollo de la Mujer Emprendedora Chaque\u00f1a; la adhesi\u00f3n a la Ley Nacional 27539 de Cupo Femenino y Acceso a Artistas Mujeres en Eventos Musicales; el R\u00e9gimen Especial de Inasistencias por D\u00eda Menstrual; Atenci\u00f3n y Cuidado Integral de la Salud Durante el Embarazo y la Primera Infancia; y el Programa de Reparaci\u00f3n Est\u00e9tica para Pacientes Sometidos a Tratamientos Oncol\u00f3gicos.<br>\u201cSi hablamos de empoderamiento de las mujeres debemos brindar herramientas para lograr igualdad, como as\u00ed tambi\u00e9n contener y acompa\u00f1ar con pol\u00edticas de Estado eficientes, con una mirada especial hacia nosotras\u201d, destac\u00f3 la diputada.<\/p>\n\n\n\n<p>Valioso aporte para erradicar la violencia y el maltrato<br>La legisladora asegur\u00f3 que no se debe hacer o\u00eddos sordos ante los flagelos que sufren las mujeres, como la violencia, el maltrato y los femicidios. \u201cErradicar la violencia es nuestra prioridad, pero es una lucha que no solo se debe hacer desde el g\u00e9nero, sino que debe ser acompa\u00f1ada desde la sociedad en su conjunto\u201d, afirm\u00f3.<br>En este sentido, Cuesta marc\u00f3 el aporte que realiz\u00f3 desde la Legislatura con leyes que combaten esta problem\u00e1tica social, como instaurar el 11 de septiembre de cada a\u00f1o como D\u00eda Provincial de la Memoria Colectiva, por el femicidio de Natalia Samaniego; la declaraci\u00f3n de emergencia social por violencia de g\u00e9nero; el sistema de protecci\u00f3n tecnol\u00f3gico destinado a v\u00edctimas de violencia de g\u00e9nero; el Centro de Atenci\u00f3n para Mujeres V\u00edctimas de Violencia; el Programa de Reparaci\u00f3n Est\u00e9tica para V\u00edctimas de Violencia; el Registro \u00danico de Personas Violentas; el Registro \u00danico de Personas Violentas (RUPV); el Registro \u00danico de Casos de Violencia de G\u00e9nero; el de Promotores Territoriales en G\u00e9nero; la instauraci\u00f3n del Banco Rojo en Memoria de las Mujeres V\u00edctimas de Femicidio; y el Programa de Capacitaci\u00f3n Permanente en G\u00e9nero y Violencia contra las Mujeres<\/p>\n","protected":false},"excerpt":{"rendered":"<p>En un nuevo 8 de marzo, en que se conmemora y destaca el rol de las mujeres en la sociedad, la presidenta del Poder Legislativo, Elida Cuesta, reflexion\u00f3 sobre la importancia y avance del g\u00e9nero, destac\u00f3 las iniciativas impulsadas desde la Casa de la Democracia chaque\u00f1a en esta materia y convoc\u00f3 a la unidad para [&hellip;]<\/p>\n","protected":false},"author":1,"featured_media":20288,"comment_status":"closed","ping_status":"closed","sticky":false,"template":"","format":"standard","meta":{"footnotes":""},"categories":[6],"tags":[202],"class_list":{"0":"post-20287","1":"post","2":"type-post","3":"status-publish","4":"format-standard","5":"has-post-thumbnail","7":"category-chaco","8":"tag-legislatura"},"_links":{"self":[{"href":"https:\/\/chacosintesis.com.ar\/index.php\/wp-json\/wp\/v2\/posts\/20287","targetHints":{"allow":["GET"]}}],"collection":[{"href":"https:\/\/chacosintesis.com.ar\/index.php\/wp-json\/wp\/v2\/posts"}],"about":[{"href":"https:\/\/chacosintesis.com.ar\/index.php\/wp-json\/wp\/v2\/types\/post"}],"author":[{"embeddable":true,"href":"https:\/\/chacosintesis.com.ar\/index.php\/wp-json\/wp\/v2\/users\/1"}],"replies":[{"embeddable":true,"href":"https:\/\/chacosintesis.com.ar\/index.php\/wp-json\/wp\/v2\/comments?post=20287"}],"version-history":[{"count":0,"href":"https:\/\/chacosintesis.com.ar\/index.php\/wp-json\/wp\/v2\/posts\/20287\/revisions"}],"wp:featuredmedia":[{"embeddable":true,"href":"https:\/\/chacosintesis.com.ar\/index.php\/wp-json\/wp\/v2\/media\/20288"}],"wp:attachment":[{"href":"https:\/\/chacosintesis.com.ar\/index.php\/wp-json\/wp\/v2\/media?parent=20287"}],"wp:term":[{"taxonomy":"category","embeddable":true,"href":"https:\/\/chacosintesis.com.ar\/index.php\/wp-json\/wp\/v2\/categories?post=20287"},{"taxonomy":"post_tag","embeddable":true,"href":"https:\/\/chacosintesis.com.ar\/index.php\/wp-json\/wp\/v2\/tags?post=20287"}],"curies":[{"name":"wp","href":"https:\/\/api.w.org\/{rel}","templated":true}]}}