{"id":20264,"date":"2023-04-09T22:26:27","date_gmt":"2023-04-10T01:26:27","guid":{"rendered":"https:\/\/chacosintesis.com.ar\/?p=20264"},"modified":"2023-04-09T22:38:26","modified_gmt":"2023-04-10T01:38:26","slug":"esta-preso-por-narcotrafico-tiene-celular-y-amenaza-a-su-expareja","status":"publish","type":"post","link":"https:\/\/chacosintesis.com.ar\/index.php\/esta-preso-por-narcotrafico-tiene-celular-y-amenaza-a-su-expareja\/","title":{"rendered":"Est\u00e1 preso por narcotr\u00e1fico, tiene celular y amenaza a su expareja"},"content":{"rendered":"<p>Un privado de la libertad, que est\u00e1 alojado en la comisar\u00eda Tercera de fontana, fue denunciado por su expareja por amenazas de muerte.<\/p>\n<p>Con el pol\u00e9mico debate por la ley sancionada por la C\u00e1mara de Diputados del Chaco, que limita el uso de los celulares en las c\u00e1rceles y comisar\u00edas, un detenido en la Tercera de Fontana habr\u00eda amenazado de muerte a una expareja, seg\u00fan pudo confirmar NORTE.<br \/>\nEl pasado mi\u00e9rcoles 5 de abril, la C\u00e1mara de Diputados de Chaco aprob\u00f3 un proyecto de ley que limita el uso de celulares en las c\u00e1rceles de la provincia. La resoluci\u00f3n cont\u00f3 con 23 votos a favor, dos en contra y cuatro abstenciones. La ley busca establecer una limitaci\u00f3n del acceso a Internet y aparatos electr\u00f3nicos como celulares, para reducir los il\u00edcitos que se realizan desde las entidades penitenciarias.<br \/>\nEste domingo una mujer de 23 a\u00f1os que reside en el barrio Querini, en Fontana, debi\u00f3 concurrir hasta la Comisar\u00eda Tercera para denunciar el permanente hostigamiento que estar\u00eda sufriendo a trav\u00e9s de la cuenta social Facebook.<br \/>\nLa denunciante acus\u00f3 a su expareja que est\u00e1 detenido en esa misma comisar\u00eda por la presunta infracci\u00f3n a la ley 23.737, que es por narcotr\u00e1fico. Seg\u00fan fuentes, el sujeto fue identificado por la v\u00edctima como Diego Alfredo Alderete, de 42 a\u00f1os, el cual est\u00e1 alojado en esa unidad desde el 9 de enero de 2023.<br \/>\nLa joven denunci\u00f3 que su expareja la amenaz\u00f3 de muerte y apunt\u00f3 contra la actual pareja del detenido. Un muchacho de 21 tambi\u00e9n fortaleci\u00f3 la presentaci\u00f3n policial.<br \/>\nEn el caso interviene la fiscal de g\u00e9nero en turno, quien orden\u00f3 que el individuo que est\u00e1 preso sea notificado de la aprehensi\u00f3n por ese incidente y se le secuestre el celular. Adem\u00e1s, fue notificada la fiscal\u00eda especial de Derechos Humanos.<br \/>\nQU\u00c9 DICE LA NUEVA LEY<br \/>\nLa nueva ley actualiza la resoluci\u00f3n 676 del Ministerio de Seguridad y Justicia del Chaco, la cual establec\u00eda un protocolo para el uso de tel\u00e9fonos celulares por parte de las personas privadas de su libertad. En el documento manifestaba que \u2018toda persona que ingrese en cualquiera de las dependencias policiales o establecimientos del Servicio Penitenciario Provincial y cuente con un tel\u00e9fono celular deber\u00e1 declararlo ante el personal a cargo de su recepci\u00f3n\u2018.<br \/>\n Adem\u00e1s, agregaba que \u2018la posible participaci\u00f3n en un delito penal mediante la utilizaci\u00f3n del dispositivo m\u00f3vil dar\u00e1 lugar a la incautaci\u00f3n del mismo y al labrado de las actuaciones y\/o denuncias penales correspondientes\u2018.<\/p>\n","protected":false},"excerpt":{"rendered":"<p>Un privado de la libertad, que est\u00e1 alojado en la comisar\u00eda Tercera de fontana, fue denunciado por su expareja por amenazas de muerte. Con el pol\u00e9mico debate por la ley sancionada por la C\u00e1mara de Diputados del Chaco, que limita el uso de los celulares en las c\u00e1rceles y comisar\u00edas, un detenido en la Tercera [&hellip;]<\/p>\n","protected":false},"author":1,"featured_media":20265,"comment_status":"closed","ping_status":"closed","sticky":false,"template":"","format":"standard","meta":{"footnotes":""},"categories":[6],"tags":[],"class_list":{"0":"post-20264","1":"post","2":"type-post","3":"status-publish","4":"format-standard","5":"has-post-thumbnail","7":"category-chaco"},"_links":{"self":[{"href":"https:\/\/chacosintesis.com.ar\/index.php\/wp-json\/wp\/v2\/posts\/20264","targetHints":{"allow":["GET"]}}],"collection":[{"href":"https:\/\/chacosintesis.com.ar\/index.php\/wp-json\/wp\/v2\/posts"}],"about":[{"href":"https:\/\/chacosintesis.com.ar\/index.php\/wp-json\/wp\/v2\/types\/post"}],"author":[{"embeddable":true,"href":"https:\/\/chacosintesis.com.ar\/index.php\/wp-json\/wp\/v2\/users\/1"}],"replies":[{"embeddable":true,"href":"https:\/\/chacosintesis.com.ar\/index.php\/wp-json\/wp\/v2\/comments?post=20264"}],"version-history":[{"count":0,"href":"https:\/\/chacosintesis.com.ar\/index.php\/wp-json\/wp\/v2\/posts\/20264\/revisions"}],"wp:featuredmedia":[{"embeddable":true,"href":"https:\/\/chacosintesis.com.ar\/index.php\/wp-json\/wp\/v2\/media\/20265"}],"wp:attachment":[{"href":"https:\/\/chacosintesis.com.ar\/index.php\/wp-json\/wp\/v2\/media?parent=20264"}],"wp:term":[{"taxonomy":"category","embeddable":true,"href":"https:\/\/chacosintesis.com.ar\/index.php\/wp-json\/wp\/v2\/categories?post=20264"},{"taxonomy":"post_tag","embeddable":true,"href":"https:\/\/chacosintesis.com.ar\/index.php\/wp-json\/wp\/v2\/tags?post=20264"}],"curies":[{"name":"wp","href":"https:\/\/api.w.org\/{rel}","templated":true}]}}