{"id":20241,"date":"2023-04-05T21:29:05","date_gmt":"2023-04-06T00:29:05","guid":{"rendered":"https:\/\/chacosintesis.com.ar\/?p=20241"},"modified":"2023-04-05T21:37:30","modified_gmt":"2023-04-06T00:37:30","slug":"pechepedimos-una-auditoria-externa-a-secheep-para-saber-que-hacen-con-el-dinero-de-los-usuarios","status":"publish","type":"post","link":"https:\/\/chacosintesis.com.ar\/index.php\/pechepedimos-una-auditoria-externa-a-secheep-para-saber-que-hacen-con-el-dinero-de-los-usuarios\/","title":{"rendered":"Peche:&#8221;Pedimos una auditor\u00eda externa a Secheep para saber que hacen con el dinero de los usuarios&#8221;"},"content":{"rendered":"<p>Este mi\u00e9rcoles, en la sesi\u00f3n de la C\u00e1mara de Diputados, se solicit\u00f3 preferencia para que el proyecto de Ley 212\/2023 de autor\u00eda del diputado Carim Peche que establece la realizaci\u00f3n de una auditor\u00eda externa a la empresa SECHEEP, sea tratado en la sesi\u00f3n del 26 de abril.<br \/>\nSobre la iniciativa, Peche se\u00f1al\u00f3 \u201cEs necesario que sepamos que hacen con el dinero los usuarios,  no pagan a Cammesa la energ\u00eda que compran, no  hacen las inversiones para poner fin a los cortes de luz y los bajones de tensi\u00f3n que ocasionan enormes p\u00e9rdidas de las que nadie se hace cargo, una empresa quebrada, y los tarifazos tienen que ver con esta situaci\u00f3n, con la necesidad de tapar los agujeros del desmanejo, no hace falta ser un especialista para darse cuenta de que algo est\u00e1 mal, y no puede ser que nadie diga nada, ni siquiera los organismos de control\u201d<br \/>\n\u201cLas facturas de Secheep representan el 25% o 30% de un sueldo o de una jubilaci\u00f3n, dijeron en enero que el aumento iba a ser del 8% correspondiente a la audiencia p\u00fablica del 2022, pero resulta que las facturas llegaron con un 100, 200 y hasta 300%, tambi\u00e9n hablaron de tarifa diferencial y de subsidios, pero nada es real, seguimos pagando una de las tarifas m\u00e1s caras del pa\u00eds, un 80% m\u00e1s el kilowatt que Buenos Aires\u201d.<br \/>\nEl proyecto<br \/>\nDando detalles del proyecto presentado, dijo \u201cSe autoriza a Poder Ejecutivo Provincial a realizar una auditor\u00eda externa a la empresa SECHEEP en el per\u00edodo comprendido entre el 1\u00b0 de enero de 2013 hasta la fecha de sanci\u00f3n de la Ley con el fin de determinar el estado econ\u00f3mico, financiero, operativo, patrimonial y de gesti\u00f3n\u201d<br \/>\n\u201cDel mismo modo se except\u00faa al Tribunal de Cuentas de la potestad exclusiva y excluyente como \u00f3rgano de control p\u00fablico externo previsto en la Ley N\u00ba 831- A, art\u00edculo 6\u00ba, Punto 1 inciso 13 para dar cumplimiento a los objetivos de la Ley, y se faculta al Poder Ejecutivo Provincial a firmar convenio con la Universidad Nacional del Nordeste (UNNE), instituci\u00f3n que tendr\u00e1 a su cargo la conformaci\u00f3n de los equipos t\u00e9cnicos responsables de la realizaci\u00f3n de la auditor\u00eda a la empresa SECHEEP\u201d<\/p>\n","protected":false},"excerpt":{"rendered":"<p>Este mi\u00e9rcoles, en la sesi\u00f3n de la C\u00e1mara de Diputados, se solicit\u00f3 preferencia para que el proyecto de Ley 212\/2023 de autor\u00eda del diputado Carim Peche que establece la realizaci\u00f3n de una auditor\u00eda externa a la empresa SECHEEP, sea tratado en la sesi\u00f3n del 26 de abril. Sobre la iniciativa, Peche se\u00f1al\u00f3 \u201cEs necesario que [&hellip;]<\/p>\n","protected":false},"author":1,"featured_media":20242,"comment_status":"closed","ping_status":"closed","sticky":false,"template":"","format":"standard","meta":{"footnotes":""},"categories":[6],"tags":[],"class_list":{"0":"post-20241","1":"post","2":"type-post","3":"status-publish","4":"format-standard","5":"has-post-thumbnail","7":"category-chaco"},"_links":{"self":[{"href":"https:\/\/chacosintesis.com.ar\/index.php\/wp-json\/wp\/v2\/posts\/20241","targetHints":{"allow":["GET"]}}],"collection":[{"href":"https:\/\/chacosintesis.com.ar\/index.php\/wp-json\/wp\/v2\/posts"}],"about":[{"href":"https:\/\/chacosintesis.com.ar\/index.php\/wp-json\/wp\/v2\/types\/post"}],"author":[{"embeddable":true,"href":"https:\/\/chacosintesis.com.ar\/index.php\/wp-json\/wp\/v2\/users\/1"}],"replies":[{"embeddable":true,"href":"https:\/\/chacosintesis.com.ar\/index.php\/wp-json\/wp\/v2\/comments?post=20241"}],"version-history":[{"count":0,"href":"https:\/\/chacosintesis.com.ar\/index.php\/wp-json\/wp\/v2\/posts\/20241\/revisions"}],"wp:featuredmedia":[{"embeddable":true,"href":"https:\/\/chacosintesis.com.ar\/index.php\/wp-json\/wp\/v2\/media\/20242"}],"wp:attachment":[{"href":"https:\/\/chacosintesis.com.ar\/index.php\/wp-json\/wp\/v2\/media?parent=20241"}],"wp:term":[{"taxonomy":"category","embeddable":true,"href":"https:\/\/chacosintesis.com.ar\/index.php\/wp-json\/wp\/v2\/categories?post=20241"},{"taxonomy":"post_tag","embeddable":true,"href":"https:\/\/chacosintesis.com.ar\/index.php\/wp-json\/wp\/v2\/tags?post=20241"}],"curies":[{"name":"wp","href":"https:\/\/api.w.org\/{rel}","templated":true}]}}