{"id":2024,"date":"2019-02-07T14:05:07","date_gmt":"2019-02-07T17:05:07","guid":{"rendered":"https:\/\/chacosintesis.com.ar\/2019\/02\/07\/macri-sobre-la-inflacion-nos-esta-costando-mas-de-lo-que-imagine\/"},"modified":"2019-02-07T14:59:30","modified_gmt":"2019-02-07T17:59:30","slug":"macri-sobre-la-inflacion-nos-esta-costando-mas-de-lo-que-imagine","status":"publish","type":"post","link":"https:\/\/chacosintesis.com.ar\/index.php\/macri-sobre-la-inflacion-nos-esta-costando-mas-de-lo-que-imagine\/","title":{"rendered":"Macri sobre la inflaci\u00f3n: \u201cNos est\u00e1 costando m\u00e1s de lo que imagin\u00e9\u201d"},"content":{"rendered":"<p>Macri sobre la inflaci\u00f3n: \u201cNos est\u00e1 costando m\u00e1s de lo que imagin\u00e9\u201d<br \/>\n<br \/>\n<img decoding=\"async\" src=\"data:image\/gif;base64,R0lGODlhAQABAIAAAAAAAP\/\/\/ywAAAAAAQABAAACAUwAOw==\" fifu-lazy=\"1\" fifu-data-sizes=\"auto\" fifu-data-srcset=\"https:\/\/i3.wp.com\/www.rionegro.com.ar\/binrepository\/660x370\/0c0\/0d0\/none\/12350\/QSNQ\/image_content_10553477_20190207140054.jpg?ssl=1&w=75&resize=75&ssl=1 75w, https:\/\/i3.wp.com\/www.rionegro.com.ar\/binrepository\/660x370\/0c0\/0d0\/none\/12350\/QSNQ\/image_content_10553477_20190207140054.jpg?ssl=1&w=100&resize=100&ssl=1 100w, https:\/\/i3.wp.com\/www.rionegro.com.ar\/binrepository\/660x370\/0c0\/0d0\/none\/12350\/QSNQ\/image_content_10553477_20190207140054.jpg?ssl=1&w=150&resize=150&ssl=1 150w, https:\/\/i3.wp.com\/www.rionegro.com.ar\/binrepository\/660x370\/0c0\/0d0\/none\/12350\/QSNQ\/image_content_10553477_20190207140054.jpg?ssl=1&w=240&resize=240&ssl=1 240w, https:\/\/i3.wp.com\/www.rionegro.com.ar\/binrepository\/660x370\/0c0\/0d0\/none\/12350\/QSNQ\/image_content_10553477_20190207140054.jpg?ssl=1&w=320&resize=320&ssl=1 320w, https:\/\/i3.wp.com\/www.rionegro.com.ar\/binrepository\/660x370\/0c0\/0d0\/none\/12350\/QSNQ\/image_content_10553477_20190207140054.jpg?ssl=1&w=500&resize=500&ssl=1 500w, https:\/\/i3.wp.com\/www.rionegro.com.ar\/binrepository\/660x370\/0c0\/0d0\/none\/12350\/QSNQ\/image_content_10553477_20190207140054.jpg?ssl=1&w=640&resize=640&ssl=1 640w, https:\/\/i3.wp.com\/www.rionegro.com.ar\/binrepository\/660x370\/0c0\/0d0\/none\/12350\/QSNQ\/image_content_10553477_20190207140054.jpg?ssl=1&w=800&resize=800&ssl=1 800w, https:\/\/i3.wp.com\/www.rionegro.com.ar\/binrepository\/660x370\/0c0\/0d0\/none\/12350\/QSNQ\/image_content_10553477_20190207140054.jpg?ssl=1&w=1024&resize=1024&ssl=1 1024w, https:\/\/i3.wp.com\/www.rionegro.com.ar\/binrepository\/660x370\/0c0\/0d0\/none\/12350\/QSNQ\/image_content_10553477_20190207140054.jpg?ssl=1&w=1280&resize=1280&ssl=1 1280w, https:\/\/i3.wp.com\/www.rionegro.com.ar\/binrepository\/660x370\/0c0\/0d0\/none\/12350\/QSNQ\/image_content_10553477_20190207140054.jpg?ssl=1&w=1600&resize=1600&ssl=1 1600w\" fifu-data-src=\"https:\/\/i3.wp.com\/www.rionegro.com.ar\/binrepository\/660x370\/0c0\/0d0\/none\/12350\/QSNQ\/image_content_10553477_20190207140054.jpg?ssl=1\"><\/p>\n<p>El presidente Mauricio Macri asegur\u00f3, al referirse a la inflaci\u00f3n, que el camino para buscar reducirla <b>\u201cnos ha costado\u201d y consider\u00f3 que fue \u201cdemasiado optimista\u201d<\/b> al respecto.<\/p>\n<p><b>\u201cNos est\u00e1 costando (reducirla) m\u00e1s de lo que imagin\u00e9, reconozco que fui demasiado optimista<\/b>, pero el camino es bajar la inflaci\u00f3n para generar desarrollo, generar empleo, terminar con la pobreza\u201d, indic\u00f3 el Presidente al hablar con la FM 100.1, Radio de la Costa, ubicada en Santa Teresita.<\/p>\n<\/p>\n<p>En este sentido agreg\u00f3 que con la reducci\u00f3n de gastos que se impuso en la gesti\u00f3n para llevar al Estado al d\u00e9ficit cero \u201cno hay excusa para no lograrlo esta vez\u201d.<\/p>\n<p>A su vez, durante el reportaje<b> Macri pidi\u00f3 terminar con \u201ccomportamientos mafiosos\u201d <\/b>y con \u201chacer la vista gorda con el narcotr\u00e1fico\u201d y consider\u00f3 que \u201cese es el camino\u201d del progreso para el pa\u00eds.<\/p>\n<p>\u201c<b>Tenemos que seguir trabajando juntos, no buscar m\u00e1s el atajo<\/b>, la mentira, la estafa, que nos ha llevado a tener un pa\u00eds muy inequitativo, con mucha pobreza y con una clase media muy golpeada pero en el camino que hemos tomado todo va a seguir progresando porque lo que vale no de hace un d\u00eda para otro\u201d, indic\u00f3.<\/p>\n<p>Adem\u00e1s, <b>el Presidente llam\u00f3 a desarrollar el turismo en todo el pa\u00eds<\/b> y coment\u00f3 las obras de infraestructura realizadas durante su gesti\u00f3n para mejorar el desarrollo, entre las que enumer\u00f3 la \u201cconstrucci\u00f3n de aeropuertos, rutas\u201d y nuevos vuelos que conectan las provincias entre s\u00ed.<\/p>\n<\/p>\n<p>Consultado sobre las elecciones, dijo que \u201ccada d\u00eda cuenta y falta mucho\u201d, y agreg\u00f3 que ahora <b>su energ\u00eda est\u00e1 puesta en que \u201cla econom\u00eda se vuelva a poner en marcha\u201d.<\/b><\/p>\n<p>De cara al futuro, advirti\u00f3 que \u201clos problemas que arrastramos no se resuelven en tres a\u00f1os\u201d.<\/p>\n<p>\u201cLo que hemos hecho est\u00e1 en el camino correcto, este no es el proyecto de un Presidente\u201d, reafirm\u00f3, y pidi\u00f3 que <b>\u201cninguno se quiera aprovechar del otro, basta de comportamientos mafiosos,<\/b> basta de hacer la vista gorda con el narcotr\u00e1fico, ese es el camino\u201d.<\/p>\n<p>Confirm\u00f3 adem\u00e1s que la semana que viene ir\u00e1 \u201ca la India, Emiratos \u00c1rabes y Vietnam\u201d en el marco de su<b> \u201cpol\u00edtica de apostar a que la Argentina vuelva al mundo<\/b>, a tener relaciones con todos los pa\u00edses, porque eso va ayudar a desarrollarnos\u201d.<\/p>\n<\/p>\n<p>En el caso de la India, precis\u00f3 que \u201ctiene mucha complementariedad con la Argentina y hay para desarrollar no solo cosas de tecnolog\u00eda sino en seguridad alimentaria y energ\u00edas renovables\u201d.<\/p>\n<p>\u201cSon los grandes compradores de alimentos de la Argentina y nos pueden comprar m\u00e1s y nos tienen un enorme afecto as\u00ed que me voy para all\u00e1, al igual que al mundo \u00e1rabe\u201d, se\u00f1al\u00f3. <\/p>\n<p>Pero agreg\u00f3 que<b> el pa\u00eds puede \u201cexportarle al mundo no solo soja o trigo o ma\u00edz, sino servicios con mayor valor agregado\u201d.<\/b><\/p>\n<p>Adem\u00e1s, expres\u00f3 que \u201ceste verano tuvimos r\u00e9cord de turistas extranjeros que estuvieron por todos lados\u201d y apunt\u00f3 que \u201cel turismo es una gran fuente de trabajo\u201d.<\/p>\n<p><b>\u201cHemos andado muy bien esta temporada por suerte en la Costa<\/b>, que est\u00e1 bastante llena, hay mucha gente veraneando\u201d, remarc\u00f3 tambi\u00e9n.<\/p>\n<p>Consultado sobre la recomendaci\u00f3n oficial de no viajar al exterior en aerol\u00edneas privadas, el jefe de Estado record\u00f3 que<b> tiempo atr\u00e1s se analiz\u00f3 \u201ccomprar un avi\u00f3n presidencial chico, m\u00e1s modesto\u201d<\/b> debido al mal estado en que estaban los hist\u00f3ricos Tango de la flota presidencial.<\/p>\n<\/p>\n<p>Por eso, Macri se\u00f1al\u00f3 que<b> \u201ccomo siempre estamos en restricciones, estamos ahorrando\u201d <\/b>viajar\u00e1 hacia esos pa\u00edses en vuelos comerciales pese a que el Ministerio de Seguridad, a cargo de Patricia Bullrich, \u201creclama que es un riesgo, que no lo tengo que hacer m\u00e1s\u201d.<\/p>\n<p>En ese sentido, detall\u00f3 que <b>prefiri\u00f3 \u201cahorrar 20 millones de pesos, desoyendo la recomendaci\u00f3n<\/b> razonable que me hace el Ministerio de Seguridad que tiene que ver con lo que pasa en el mundo hoy\u201d respecto a la custodia de un jefe de Estado.<\/p>\n<p>Consultado sobre<b> falta de obras p\u00fablicas para la zona de la costa <\/b>atl\u00e1ntica, Macri afirm\u00f3 que eso \u201cimpidi\u00f3 el crecimiento\u201d y advirti\u00f3 que <b>\u201ceste descuido a los argentinos no nos puede volver a suceder\u201d.<\/b><\/p>\n<p>Fuente: rionergo argentina<\/p>\n","protected":false},"excerpt":{"rendered":"<p>Macri sobre la inflaci\u00f3n: \u201cNos est\u00e1 costando m\u00e1s de lo que imagin\u00e9\u201d El presidente Mauricio Macri asegur\u00f3, al referirse a la inflaci\u00f3n, que el camino para buscar reducirla \u201cnos ha costado\u201d y consider\u00f3 que fue \u201cdemasiado optimista\u201d al respecto. \u201cNos est\u00e1 costando (reducirla) m\u00e1s de lo que imagin\u00e9, reconozco que fui demasiado optimista, pero el [&hellip;]<\/p>\n","protected":false},"author":1,"featured_media":2025,"comment_status":"false","ping_status":"open","sticky":false,"template":"","format":"standard","meta":{"footnotes":""},"categories":[8],"tags":[167],"class_list":{"0":"post-2024","1":"post","2":"type-post","3":"status-publish","4":"format-standard","5":"has-post-thumbnail","7":"category-nacionales","8":"tag-work"},"_links":{"self":[{"href":"https:\/\/chacosintesis.com.ar\/index.php\/wp-json\/wp\/v2\/posts\/2024","targetHints":{"allow":["GET"]}}],"collection":[{"href":"https:\/\/chacosintesis.com.ar\/index.php\/wp-json\/wp\/v2\/posts"}],"about":[{"href":"https:\/\/chacosintesis.com.ar\/index.php\/wp-json\/wp\/v2\/types\/post"}],"author":[{"embeddable":true,"href":"https:\/\/chacosintesis.com.ar\/index.php\/wp-json\/wp\/v2\/users\/1"}],"replies":[{"embeddable":true,"href":"https:\/\/chacosintesis.com.ar\/index.php\/wp-json\/wp\/v2\/comments?post=2024"}],"version-history":[{"count":0,"href":"https:\/\/chacosintesis.com.ar\/index.php\/wp-json\/wp\/v2\/posts\/2024\/revisions"}],"wp:featuredmedia":[{"embeddable":true,"href":"https:\/\/chacosintesis.com.ar\/index.php\/wp-json\/wp\/v2\/media\/2025"}],"wp:attachment":[{"href":"https:\/\/chacosintesis.com.ar\/index.php\/wp-json\/wp\/v2\/media?parent=2024"}],"wp:term":[{"taxonomy":"category","embeddable":true,"href":"https:\/\/chacosintesis.com.ar\/index.php\/wp-json\/wp\/v2\/categories?post=2024"},{"taxonomy":"post_tag","embeddable":true,"href":"https:\/\/chacosintesis.com.ar\/index.php\/wp-json\/wp\/v2\/tags?post=2024"}],"curies":[{"name":"wp","href":"https:\/\/api.w.org\/{rel}","templated":true}]}}