{"id":20226,"date":"2023-04-05T10:31:10","date_gmt":"2023-04-05T13:31:10","guid":{"rendered":"https:\/\/chacosintesis.com.ar\/?p=20226"},"modified":"2023-04-05T10:36:37","modified_gmt":"2023-04-05T13:36:37","slug":"desde-salud-publica-instan-a-profundizar-las-medidas-de-cuidado-contra-el-dengue","status":"publish","type":"post","link":"https:\/\/chacosintesis.com.ar\/index.php\/desde-salud-publica-instan-a-profundizar-las-medidas-de-cuidado-contra-el-dengue\/","title":{"rendered":"Desde Salud P\u00fablica instan a profundizar las medidas de cuidado contra el dengue"},"content":{"rendered":"<p>La ministra de Salud P\u00fablica de la provincia, Carolina Centeno, realiz\u00f3 este mi\u00e9rcoles una conferencia de prensa para brindar informaci\u00f3n del parte epidemiol\u00f3gico sobre la enfermedad de dengue, donde inst\u00f3 a seguir trabajando con las medidas preventivas y remarc\u00f3 la importancia de no automedicarse en caso de poseer alguno de los s\u00edntomas.<br \/>\nAcompa\u00f1ada de la subsecretaria de Promoci\u00f3n de la Salud, Paula Sartor, la ministra inform\u00f3 que actualmente en la provincia se registran 491 casos notificados de la enfermedad, de los cuales 228 resultaron positivos, 181 son negativos y 82 se encuentran en estudio. \u201cEstos 228 est\u00e1n distribuidos en las ocho regiones sanitarias, y hay particularmente algunos focos donde se concentran la cantidad de casos, que tiene que ver habitualmente con grandes urbes\u201d, explic\u00f3, y precis\u00f3 que 88 casos se registraron en Resistencia, 75 en Basail, 14 en Charata, 10 en Fontana, 9 en Coronel Du Graty y Barranqueras, y 2 en Puerto Vilelas.<br \/>\nAdem\u00e1s, indic\u00f3 que la enfermedad tiene \u201cserotipos del virus\u201d, los cuales se denominan del 1 al 4, sobre lo cual, precis\u00f3 que \u201cla infecci\u00f3n por uno de estos no protege contra la del resto de los serotipos\u201d. \u201cUna persona que ya tuvo la enfermedad puede volver a tenerla en caso de que se contagie con otro serotipo diferente\u201d, explic\u00f3, y agreg\u00f3 que \u201cen la provincia, habitualmente ha circulado el serotipo \u2018Den1\u2019 y en menor porcentaje el \u2018Den4\u2019. Lo que nos han manifestado desde Naci\u00f3n es que a partir de los an\u00e1lisis moleculares, hemos diagnosticado serotipo \u2018Den2\u2019 tambi\u00e9n en la provincia\u201d.<br \/>\nEn ese sentido, la ministra remarc\u00f3 que \u201chasta ahora la provincia no tiene reporte de fallecimientos por dengue\u201d, y se\u00f1al\u00f3 que en marco del contexto actual a nivel nacional es preciso tomar las medidas de limpieza preventiva, evitando contar con insumos que acumulen agua para el desarrollo de mosquitos, usar repelente y estar atentos a los s\u00edntomas para dar aviso en cualquier centro de atenci\u00f3n, sin caer en la automedicaci\u00f3n.<br \/>\n\u201cNo existe transmisi\u00f3n de persona a persona, es necesaria la presencia del vector (mosquito) y este ciclo de transmisi\u00f3n: un mosquito sano pica a una persona enferma, ah\u00ed adquiere el virus, pasa a otra persona que est\u00e1 sana, y en esa nueva picadura se transmite la infecci\u00f3n. Lo m\u00e1s importante cuando hacemos el tratamiento de las enfermedades transmitidas por mosquitos, es que sabemos que sin vector no hay enfermedad, por eso las medidas est\u00e1n destinadas principalmente a la eliminaci\u00f3n de los criaderos, de los reservorios donde se reproducen\u201d, remarc\u00f3 la ministra.<\/p>\n<p>S\u00edntomas<br \/>\nFiebre acompa\u00f1ada de uno o m\u00e1s de los siguientes s\u00edntomas:<br \/>\nDolor detr\u00e1s de los ojos, de cabeza, muscular y de articulaciones<br \/>\nN\u00e1useas y v\u00f3mitos<br \/>\nCansancio intenso<br \/>\nAparici\u00f3n de manchas en la piel<br \/>\nPicaz\u00f3n y\/o sangrado de nariz y enc\u00edas<br \/>\nRecomendaciones<br \/>\nAnte estos s\u00edntomas se debe acudir al centro de salud de inmediato para recibir el tratamiento adecuado.<br \/>\nSi al momento de disminuir la fiebre o en los d\u00edas posteriores, alguno de los s\u00edntomas se agudiza, reaparece o se detectan s\u00edntomas nuevos, acudir al centro de salud \/servicio de salud a la brevedad.<br \/>\nSi ten\u00e9s diagn\u00f3stico de dengue no dejes de acudir a los controles diarios.<br \/>\nNo te automediques.<br \/>\nNo tomes aspirinas, ibuprofeno, ni te apliques medicamentos inyectables. Lo m\u00e1s conveniente es que realices una consulta m\u00e9dica para que te indiquen el tratamiento adecuado.<br \/>\n\u00bfC\u00f3mo podemos prevenir el dengue?<br \/>\nEliminando todos los recipientes en desuso que puedan acumular agua (como latas, botellas, neum\u00e1ticos).<br \/>\nDando vuelta los objetos que se encuentran en el exterior y pueden acumular agua cuando llueve (baldes, palanganas, tambores, botellas).<br \/>\nCambiando el agua de bebederos de animales, colectores de desag\u00fces de aire acondicionado o lluvia, dentro y fuera de la casa, cada 3 d\u00edas. Record\u00e1 frotar las paredes de los recipientes con una esponja o cepillo a fin de desprender los huevos del mosquito que puedan estar adheridos.<br \/>\nRellenando los floreros y portamacetas con arena h\u00fameda.<br \/>\nManteniendo los patios y jardines limpios, ordenados y desmalezados.<br \/>\nLimpiando canaletas y desag\u00fces de lluvia de los techos.<br \/>\nTapando los tanques y recipientes que se usan para recolectar agua.<br \/>\nVertiendo agua hirviendo en las rejillas y coloc\u00e1ndoles tela mosquitera.<br \/>\nTambi\u00e9n es importante para prevenir las picaduras del mosquito:<br \/>\nUsar siempre repelentes, siguiendo cuidadosamente las recomendaciones del envase.<br \/>\nUtilizar ropa clara que cubra los brazos y las piernas, especialmente durante las actividades al aire libre.<br \/>\nColocar mosquiteros en puertas y ventanas, y cuando sea posible usar ventiladores o aire acondicionado en las habitaciones.<br \/>\nProteger cunas y cochecitos de beb\u00e9s con telas mosquiteras.<br \/>\nUtilizar repelentes ambientales como tabletas y espirales.<\/p>\n","protected":false},"excerpt":{"rendered":"<p>La ministra de Salud P\u00fablica de la provincia, Carolina Centeno, realiz\u00f3 este mi\u00e9rcoles una conferencia de prensa para brindar informaci\u00f3n del parte epidemiol\u00f3gico sobre la enfermedad de dengue, donde inst\u00f3 a seguir trabajando con las medidas preventivas y remarc\u00f3 la importancia de no automedicarse en caso de poseer alguno de los s\u00edntomas. Acompa\u00f1ada de la [&hellip;]<\/p>\n","protected":false},"author":1,"featured_media":20227,"comment_status":"closed","ping_status":"closed","sticky":false,"template":"","format":"standard","meta":{"footnotes":""},"categories":[6],"tags":[197],"class_list":{"0":"post-20226","1":"post","2":"type-post","3":"status-publish","4":"format-standard","5":"has-post-thumbnail","7":"category-chaco","8":"tag-destacada"},"_links":{"self":[{"href":"https:\/\/chacosintesis.com.ar\/index.php\/wp-json\/wp\/v2\/posts\/20226","targetHints":{"allow":["GET"]}}],"collection":[{"href":"https:\/\/chacosintesis.com.ar\/index.php\/wp-json\/wp\/v2\/posts"}],"about":[{"href":"https:\/\/chacosintesis.com.ar\/index.php\/wp-json\/wp\/v2\/types\/post"}],"author":[{"embeddable":true,"href":"https:\/\/chacosintesis.com.ar\/index.php\/wp-json\/wp\/v2\/users\/1"}],"replies":[{"embeddable":true,"href":"https:\/\/chacosintesis.com.ar\/index.php\/wp-json\/wp\/v2\/comments?post=20226"}],"version-history":[{"count":0,"href":"https:\/\/chacosintesis.com.ar\/index.php\/wp-json\/wp\/v2\/posts\/20226\/revisions"}],"wp:featuredmedia":[{"embeddable":true,"href":"https:\/\/chacosintesis.com.ar\/index.php\/wp-json\/wp\/v2\/media\/20227"}],"wp:attachment":[{"href":"https:\/\/chacosintesis.com.ar\/index.php\/wp-json\/wp\/v2\/media?parent=20226"}],"wp:term":[{"taxonomy":"category","embeddable":true,"href":"https:\/\/chacosintesis.com.ar\/index.php\/wp-json\/wp\/v2\/categories?post=20226"},{"taxonomy":"post_tag","embeddable":true,"href":"https:\/\/chacosintesis.com.ar\/index.php\/wp-json\/wp\/v2\/tags?post=20226"}],"curies":[{"name":"wp","href":"https:\/\/api.w.org\/{rel}","templated":true}]}}