{"id":20211,"date":"2023-04-04T17:15:53","date_gmt":"2023-04-04T20:15:53","guid":{"rendered":"https:\/\/chacosintesis.com.ar\/?p=20211"},"modified":"2023-04-04T17:36:38","modified_gmt":"2023-04-04T20:36:38","slug":"el-gobierno-y-la-uncaus-firmaron-un-convenio-para-la-diplomatura-sobre-populismo-e-identidades-politicas","status":"publish","type":"post","link":"https:\/\/chacosintesis.com.ar\/index.php\/el-gobierno-y-la-uncaus-firmaron-un-convenio-para-la-diplomatura-sobre-populismo-e-identidades-politicas\/","title":{"rendered":"El Gobierno y la UNCAUs firmaron un convenio para la Diplomatura sobre Populismo e Identidades Pol\u00edticas"},"content":{"rendered":"<p>Esta ma\u00f1ana, el gobernador Jorge Milton Capitanich, junto al ministro de Gobierno y Trabajo, Juan Manuel Chapo y el secretario de Gobierno, Ra\u00fal Bittel firmaron un convenio con Germ\u00e1n Oestmann, rector de la Universidad Nacional del Chaco Austral y Manuel Garc\u00eda Sola, titular de la Escuela de Negocios del Chaco Austral. El mismo consiste en becar a 24 j\u00f3venes de toda la provincia en la Diplomatura sobre Populismo e Identidades Pol\u00edticas y se trata de la segunda cohorte del acuerdo firmado en 2021.<br \/>\nLa iniciativa tiene como objetivos fortalecer las capacidades para el an\u00e1lisis de experiencias y discursos pol\u00edticos populistas (y antipopulistas), dotando de herramientas conceptuales y desde una perspectiva multidisciplinaria. \u201cEs importante generar espacios de investigaci\u00f3n que enriquezcan y aporten elementos para profundizar la democratizaci\u00f3n de la sociedad chaque\u00f1a y regional\u201d, destac\u00f3 Capitanich.<br \/>\nLa diplomatura est\u00e1 destinada a estudiantes, investigadores, referentes sociales y del sector sindical y privado, funcionarios de organismos p\u00fablicos o privados, dirigentes y cuadros pol\u00edticos de los partidos pol\u00edticos reconocidos por las autoridades electorales, personas interesadas en los debates en torno a las identidades y los discursos populistas cl\u00e1sicos y contempor\u00e1neos.<br \/>\nSer\u00e1n requisitos para el cursado poseer t\u00edtulo secundario o de formaci\u00f3n t\u00e9cnico-profesional equivalente en campos relacionados con la tem\u00e1tica de la diplomatura.<\/p>\n","protected":false},"excerpt":{"rendered":"<p>Esta ma\u00f1ana, el gobernador Jorge Milton Capitanich, junto al ministro de Gobierno y Trabajo, Juan Manuel Chapo y el secretario de Gobierno, Ra\u00fal Bittel firmaron un convenio con Germ\u00e1n Oestmann, rector de la Universidad Nacional del Chaco Austral y Manuel Garc\u00eda Sola, titular de la Escuela de Negocios del Chaco Austral. El mismo consiste en [&hellip;]<\/p>\n","protected":false},"author":1,"featured_media":20212,"comment_status":"closed","ping_status":"closed","sticky":false,"template":"","format":"standard","meta":{"footnotes":""},"categories":[6],"tags":[],"class_list":{"0":"post-20211","1":"post","2":"type-post","3":"status-publish","4":"format-standard","5":"has-post-thumbnail","7":"category-chaco"},"_links":{"self":[{"href":"https:\/\/chacosintesis.com.ar\/index.php\/wp-json\/wp\/v2\/posts\/20211","targetHints":{"allow":["GET"]}}],"collection":[{"href":"https:\/\/chacosintesis.com.ar\/index.php\/wp-json\/wp\/v2\/posts"}],"about":[{"href":"https:\/\/chacosintesis.com.ar\/index.php\/wp-json\/wp\/v2\/types\/post"}],"author":[{"embeddable":true,"href":"https:\/\/chacosintesis.com.ar\/index.php\/wp-json\/wp\/v2\/users\/1"}],"replies":[{"embeddable":true,"href":"https:\/\/chacosintesis.com.ar\/index.php\/wp-json\/wp\/v2\/comments?post=20211"}],"version-history":[{"count":0,"href":"https:\/\/chacosintesis.com.ar\/index.php\/wp-json\/wp\/v2\/posts\/20211\/revisions"}],"wp:featuredmedia":[{"embeddable":true,"href":"https:\/\/chacosintesis.com.ar\/index.php\/wp-json\/wp\/v2\/media\/20212"}],"wp:attachment":[{"href":"https:\/\/chacosintesis.com.ar\/index.php\/wp-json\/wp\/v2\/media?parent=20211"}],"wp:term":[{"taxonomy":"category","embeddable":true,"href":"https:\/\/chacosintesis.com.ar\/index.php\/wp-json\/wp\/v2\/categories?post=20211"},{"taxonomy":"post_tag","embeddable":true,"href":"https:\/\/chacosintesis.com.ar\/index.php\/wp-json\/wp\/v2\/tags?post=20211"}],"curies":[{"name":"wp","href":"https:\/\/api.w.org\/{rel}","templated":true}]}}