{"id":20185,"date":"2023-04-04T13:19:46","date_gmt":"2023-04-04T16:19:46","guid":{"rendered":"https:\/\/chacosintesis.com.ar\/?p=20185"},"modified":"2023-04-04T13:37:05","modified_gmt":"2023-04-04T16:37:05","slug":"via-crucis-interprovincial-se-esperan-5-mil-personas-para-peregrinar-entre-el-gran-resistencia-y-corrientes","status":"publish","type":"post","link":"https:\/\/chacosintesis.com.ar\/index.php\/via-crucis-interprovincial-se-esperan-5-mil-personas-para-peregrinar-entre-el-gran-resistencia-y-corrientes\/","title":{"rendered":"V\u00eda Crucis interprovincial: se esperan 5 mil personas para peregrinar entre el Gran Resistencia y Corrientes"},"content":{"rendered":"<p>Bajo el lema \u201c\u00c9l es el camino\u201d, este viernes 7 de abril \u2013desde las cero horas- se desarrollar\u00e1 la edici\u00f3n n\u00famero 44 del V\u00eda Crucis Interprovincial 2023. Se trata de una masiva manifestaci\u00f3n de fe que une las ciudades de Resistencia y Corrientes, para la que se espera entre 3000 y 5000 peregrinos. La actividad no se suspender\u00e1 por lluvia y es organizada por el Grupo de Laicos Caminantes.<br \/>\nEl V\u00eda Crucis partir\u00e1 del Convento hermanas Clarisas, ubicado en Pasaje Santa Fe 2950 de Fontana. \u201cLa partida se realiza desde ah\u00ed y la primera estaci\u00f3n se representa en la colectora de la Autov\u00eda de la ruta nacional 11, frente a Maxiconsumo\u201d, aseguraron a la Agencia FOCO desde la organizaci\u00f3n.<br \/>\n\u201cLos arzobispos de ambas ciudades queremos invitar a toda la comunidad y especialmente a nuestros j\u00f3venes a este evento que nos re\u00fane en el clima de la Semana Santa\u201d, invit\u00f3 el arzobispo de la Arquidi\u00f3cesis de Resistencia, monse\u00f1or Ram\u00f3n Dus a trav\u00e9s de un video institucional. Junto a \u00e9l, monse\u00f1or Andr\u00e9s Stanovnik, de Corrientes, dijo: \u201cNo te pierdas esta peregrinaci\u00f3n. Vale la pena porque es la actitud que mejor expresa nuestra condici\u00f3n humana\u201d. \u201cSomos peregrinos y si lo hacemos en el ambiente de la Semana Santa a\u00fan m\u00e1s, porque Pascua es Paso. As\u00ed que s\u00famate, y te deseamos desde ya muy felices Pascuas\u201d. Finalmente, animaron a los j\u00f3venes a participar.<br \/>\nLas estaciones<br \/>\n En la oportunidad, la primera estaci\u00f3n del V\u00eda Crucis se iniciar\u00e1 en la medianoche de viernes, desde el convento de las Hermanas Clarisas de Resistencia. Luego, la segunda estaci\u00f3n contin\u00faa en el Seminario Interdiocesano La Encarnaci\u00f3n; la tercera, capilla Sagrado Coraz\u00f3n de Jes\u00fas; la cuarta, Iglesia Catedral; quinta, Hospital Perrando; sexta, parroquia Nuestra Se\u00f1ora de La Merced; s\u00e9ptima, parroquia Inmaculada Concepci\u00f3n; octava, capilla Virgen de Stella Maris; novena, peaje puente General Belgrano; decima, Iglesia de la Cruz- Corrientes; und\u00e9cima, parroquia La Merced- Corrientes; duod\u00e9cima, parroquia Mar\u00eda Auxiliadora- Corrientes; decimotercera, iglesia Catedral de Corrientes, para culminar en el Convento de la Hermanas Clarisas de la vecina ciudad, alrededor de las 8.30.<\/p>\n","protected":false},"excerpt":{"rendered":"<p>Bajo el lema \u201c\u00c9l es el camino\u201d, este viernes 7 de abril \u2013desde las cero horas- se desarrollar\u00e1 la edici\u00f3n n\u00famero 44 del V\u00eda Crucis Interprovincial 2023. Se trata de una masiva manifestaci\u00f3n de fe que une las ciudades de Resistencia y Corrientes, para la que se espera entre 3000 y 5000 peregrinos. La actividad [&hellip;]<\/p>\n","protected":false},"author":1,"featured_media":20186,"comment_status":"closed","ping_status":"closed","sticky":false,"template":"","format":"standard","meta":{"footnotes":""},"categories":[6],"tags":[],"class_list":{"0":"post-20185","1":"post","2":"type-post","3":"status-publish","4":"format-standard","5":"has-post-thumbnail","7":"category-chaco"},"_links":{"self":[{"href":"https:\/\/chacosintesis.com.ar\/index.php\/wp-json\/wp\/v2\/posts\/20185","targetHints":{"allow":["GET"]}}],"collection":[{"href":"https:\/\/chacosintesis.com.ar\/index.php\/wp-json\/wp\/v2\/posts"}],"about":[{"href":"https:\/\/chacosintesis.com.ar\/index.php\/wp-json\/wp\/v2\/types\/post"}],"author":[{"embeddable":true,"href":"https:\/\/chacosintesis.com.ar\/index.php\/wp-json\/wp\/v2\/users\/1"}],"replies":[{"embeddable":true,"href":"https:\/\/chacosintesis.com.ar\/index.php\/wp-json\/wp\/v2\/comments?post=20185"}],"version-history":[{"count":0,"href":"https:\/\/chacosintesis.com.ar\/index.php\/wp-json\/wp\/v2\/posts\/20185\/revisions"}],"wp:featuredmedia":[{"embeddable":true,"href":"https:\/\/chacosintesis.com.ar\/index.php\/wp-json\/wp\/v2\/media\/20186"}],"wp:attachment":[{"href":"https:\/\/chacosintesis.com.ar\/index.php\/wp-json\/wp\/v2\/media?parent=20185"}],"wp:term":[{"taxonomy":"category","embeddable":true,"href":"https:\/\/chacosintesis.com.ar\/index.php\/wp-json\/wp\/v2\/categories?post=20185"},{"taxonomy":"post_tag","embeddable":true,"href":"https:\/\/chacosintesis.com.ar\/index.php\/wp-json\/wp\/v2\/tags?post=20185"}],"curies":[{"name":"wp","href":"https:\/\/api.w.org\/{rel}","templated":true}]}}