{"id":20183,"date":"2023-04-04T13:16:38","date_gmt":"2023-04-04T16:16:38","guid":{"rendered":"https:\/\/chacosintesis.com.ar\/?p=20183"},"modified":"2023-04-04T13:37:04","modified_gmt":"2023-04-04T16:37:04","slug":"miraflores-ataco-a-su-pareja-e-intento-asfixiar-a-sus-hijos-y-agredio-a-un-policia","status":"publish","type":"post","link":"https:\/\/chacosintesis.com.ar\/index.php\/miraflores-ataco-a-su-pareja-e-intento-asfixiar-a-sus-hijos-y-agredio-a-un-policia\/","title":{"rendered":"Miraflores: Atac\u00f3 a su pareja e intent\u00f3 asfixiar a sus hijos y agredi\u00f3 a un polic\u00eda"},"content":{"rendered":"<p>Esta madrugada, personal de la Comisar\u00eda Miraflores detuvo a un hombre que habr\u00eda agredido a sus hijos y a su pareja. En la reducci\u00f3n lesion\u00f3 a un polic\u00eda.<br \/>\nCerca de las 2, una mujer de 34 a\u00f1os llam\u00f3 a los uniformados y denunci\u00f3 que su pareja la agredi\u00f3 f\u00edsicamente e intent\u00f3 asfixiar a su hijo de tres meses y luego a otros dos menores de 10 y 5 a\u00f1os que fueron resguardados por los efectivos.<br \/>\nR\u00e1pidamente, los agentes demoraron al ciudadano de 35 a\u00f1os quien se resisti\u00f3 y lesion\u00f3 a un personal policial.<br \/>\nPor ello, la ciudadana y los menores fueron asistidos en el nosocomio local donde el m\u00e9dico en turno diagn\u00f3stico, a la damnificada \u201cTraumatismo en regi\u00f3n dorsal, excoriaci\u00f3n, eritema y edema de 2&#215;3 cm\u2026\u201d a los menores, de 10 a\u00f1os \u201cEscoriaci\u00f3n en cuello de 2cm. En regi\u00f3n anterior del cuello\u201d, Al de 5 a\u00f1os present\u00f3 \u201cEdema en regi\u00f3n temporal occipital cr\u00e1neo\u201d.<br \/>\nLuego el efectivo fue asistido por el galeno en turno con un diagn\u00f3stico \u201cEscoriaci\u00f3n En Regi\u00f3n Dorsal Bajo; Excoriaci\u00f3n En Regi\u00f3n Abdominal Producida por Elemento Contuso\u201d.<br \/>\nFinalmente, por orden de la Fiscal\u00eda Penal en Turno notificaron la aprehensi\u00f3n al detenido en las causas \u201cSupuesta Amenazas y Lesiones en Contexto Violencia de G\u00e9nero, Resistencia y Atentado Contra La Autoridad\u201d.<\/p>\n","protected":false},"excerpt":{"rendered":"<p>Esta madrugada, personal de la Comisar\u00eda Miraflores detuvo a un hombre que habr\u00eda agredido a sus hijos y a su pareja. En la reducci\u00f3n lesion\u00f3 a un polic\u00eda. Cerca de las 2, una mujer de 34 a\u00f1os llam\u00f3 a los uniformados y denunci\u00f3 que su pareja la agredi\u00f3 f\u00edsicamente e intent\u00f3 asfixiar a su hijo [&hellip;]<\/p>\n","protected":false},"author":1,"featured_media":20184,"comment_status":"closed","ping_status":"closed","sticky":false,"template":"","format":"standard","meta":{"footnotes":""},"categories":[6],"tags":[197],"class_list":{"0":"post-20183","1":"post","2":"type-post","3":"status-publish","4":"format-standard","5":"has-post-thumbnail","7":"category-chaco","8":"tag-destacada"},"_links":{"self":[{"href":"https:\/\/chacosintesis.com.ar\/index.php\/wp-json\/wp\/v2\/posts\/20183","targetHints":{"allow":["GET"]}}],"collection":[{"href":"https:\/\/chacosintesis.com.ar\/index.php\/wp-json\/wp\/v2\/posts"}],"about":[{"href":"https:\/\/chacosintesis.com.ar\/index.php\/wp-json\/wp\/v2\/types\/post"}],"author":[{"embeddable":true,"href":"https:\/\/chacosintesis.com.ar\/index.php\/wp-json\/wp\/v2\/users\/1"}],"replies":[{"embeddable":true,"href":"https:\/\/chacosintesis.com.ar\/index.php\/wp-json\/wp\/v2\/comments?post=20183"}],"version-history":[{"count":0,"href":"https:\/\/chacosintesis.com.ar\/index.php\/wp-json\/wp\/v2\/posts\/20183\/revisions"}],"wp:featuredmedia":[{"embeddable":true,"href":"https:\/\/chacosintesis.com.ar\/index.php\/wp-json\/wp\/v2\/media\/20184"}],"wp:attachment":[{"href":"https:\/\/chacosintesis.com.ar\/index.php\/wp-json\/wp\/v2\/media?parent=20183"}],"wp:term":[{"taxonomy":"category","embeddable":true,"href":"https:\/\/chacosintesis.com.ar\/index.php\/wp-json\/wp\/v2\/categories?post=20183"},{"taxonomy":"post_tag","embeddable":true,"href":"https:\/\/chacosintesis.com.ar\/index.php\/wp-json\/wp\/v2\/tags?post=20183"}],"curies":[{"name":"wp","href":"https:\/\/api.w.org\/{rel}","templated":true}]}}