{"id":20176,"date":"2023-04-02T17:16:51","date_gmt":"2023-04-02T20:16:51","guid":{"rendered":"https:\/\/chacosintesis.com.ar\/?p=20176"},"modified":"2023-04-02T17:16:52","modified_gmt":"2023-04-02T20:16:52","slug":"polini-presento-su-precandidatura-a-gobernador-del-chaco-en-pampa-del-infierno","status":"publish","type":"post","link":"https:\/\/chacosintesis.com.ar\/index.php\/polini-presento-su-precandidatura-a-gobernador-del-chaco-en-pampa-del-infierno\/","title":{"rendered":"Polini present\u00f3 su precandidatura a gobernador del Chaco en Pampa del Infierno"},"content":{"rendered":"\n<p>El farmac\u00e9utico, productor agropecuario y comerciante dugratense Juan Carlos Polini present\u00f3 su precandidatura a gobernador del Chaco en la localidad de Pampa del Infierno. Estuvo acompa\u00f1ado por la intendente local Glenda Seifert, el presidente del Concejo Deliberante Mauro Montenegro, concejales, el diputado provincial Livio Guti\u00e9rrez, dirigentes, militantes y vecinos.<\/p>\n\n\n\n<p>Polini se dirigi\u00f3 a los presentes \u201cHace m\u00e1s de 30 a\u00f1os que trabajo en el sector privado, transpirando la camiseta y apostando al Chaco como tantos chaque\u00f1os a pesar de las adversidades, a pesar de un gobierno que no acompa\u00f1a, el gasto p\u00fablico es inmenso, toda esa plata que despilfarra significa menos ambulancias, menos fondos para las intendencias, menos mejoras salariales para los empleados estatales y menos uniformes para los polic\u00edas, nada va a cambiar si nos siguen gobernando\u201d<\/p>\n\n\n\n<p>&nbsp;\u201cHoy los trabajadores no nos sentimos contenidos ni acompa\u00f1ados porque la realidad es que nadie llega a fin de mes en la provincia, con un 54 por ciento de pobres en el Gran Resistencia y un 16 por ciento de indigencia, un Estado que es un gran socio en las buenas pero te abandona en las malas, esta situaci\u00f3n no da para m\u00e1s\u00b4\u201d<\/p>\n\n\n\n<p>\u201cHoy en la provincia sobran recursos, podemos y vamos a quitar mucho m\u00e1s de 50 impuestos, es una decisi\u00f3n pol\u00edtica que voy a tomar, desde el 10 de diciembre vamos a construir un Chaco distinto, con un Estado presente que apoye y acompa\u00f1e de verdad solo as\u00ed, con orden y trabajo, podremos avanzar.\u201d.&nbsp;<\/p>\n\n\n\n<p><strong>GLENDA SEIFERT: \u201cPOLINI&nbsp; ES LA PERSONA DISTINTA QUE NECESITAMOS\u201d<\/strong><\/p>\n\n\n\n<p>Glenda Seifert, expres\u00f3 \u201cCuando Pampa decidi\u00f3 que se pod\u00eda votar distinto, vot\u00f3 distinto, pagamos una deuda que nos dejaron de $42 millones, hoy tenemos deuda cero, y un saldo positivo de $46 millones, estamos haciendo las obras que nos requer\u00edan los pampe\u00f1os, y lo podemos hacer porque administramos bien, Juan Carlos Polini es la persona distinta que necesitamos en el Chaco porque sabe lo que es pagar cargas sociales, pagar boletas de luz, y sobre todo, cuidar recursos\u201d<\/p>\n\n\n\n<p><strong>LIVIO GUTIERREZ: \u201cJUAN CARLOS NO ESTA POR UN VOTO, ESTA POR LA GENTE<\/strong><\/p>\n\n\n\n<p>En tanto, el diputado provincial Livio Guti\u00e9rrez enfatiz\u00f3 en la necesidad de \u201ccontagiar\u201d a la sociedad \u201cTenemos una nueva posibilidad y una nueva esperanza, ni Glenda ni Juan Carlos est\u00e1n por un voto, est\u00e1n por la gente, necesitamos un pa\u00eds y una provincia de gente ocupada en el presente por un futuro mejor, a Chaco llegaron en el mes de marzo $37.000 millones de pesos y no hay ambulancias, est\u00e1 lleno de inauguraciones de hospitales pero adentro no hay m\u00e9dicos, los m\u00e9dicos huyen del Chaco por los sueldos y las malas condiciones laborales que tienen, la gente nos va a acompa\u00f1ar porque sabe perfectamente lo que sucede\u201d.&nbsp;<\/p>\n\n\n\n<p><strong>MAURO MONTENEGRO: \u201cES UN HONOR QUE POLINI SEA NUESTRO CANDIDATO\u201d<\/strong><\/p>\n\n\n\n<p>El presidente del Concejo Deliberante, Mauro Montenegro agreg\u00f3: \u201cLa mayor\u00eda de la gente que est\u00e1 aqu\u00ed es trabajadora y tiene compromisos. Pero tambi\u00e9n muchas necesidades, y ve en Juan Carlos la esperanza de cambiar, es un honor para nosotros que Juan Carlos Polini, una persona trabajadora y luchadora que jam\u00e1s vivi\u00f3 del Estado,sea nuestro candidato\u201d<\/p>\n\n\n\n<p><strong>JOSE GOMEZ: \u201cPOLINI SABE COMO CAMBIAR ESTA TRISTE REALIDAD\u201d<\/strong><\/p>\n\n\n\n<p>El reconocido m\u00e9dico Jos\u00e9 G\u00f3mez remarc\u00f3 \u201cEn el interior profundo de nuestro Chaco la gente est\u00e1 muy mal, no tienen agua, no alcanzan a cubrir sus necesidades m\u00ednimas, no hay fuentes de trabajo, avanza la inseguridad, el cambio es necesario, y ven en Juan Carlos una que sabe como cambiar esta triste realidad, no tengo dudas de que va a ser el pr\u00f3ximo gobernador del Chaco\u201d<\/p>\n","protected":false},"excerpt":{"rendered":"<p>El farmac\u00e9utico, productor agropecuario y comerciante dugratense Juan Carlos Polini present\u00f3 su precandidatura a gobernador del Chaco en la localidad de Pampa del Infierno. Estuvo acompa\u00f1ado por la intendente local Glenda Seifert, el presidente del Concejo Deliberante Mauro Montenegro, concejales, el diputado provincial Livio Guti\u00e9rrez, dirigentes, militantes y vecinos. Polini se dirigi\u00f3 a los presentes [&hellip;]<\/p>\n","protected":false},"author":1,"featured_media":20177,"comment_status":"closed","ping_status":"closed","sticky":false,"template":"","format":"standard","meta":{"footnotes":""},"categories":[6],"tags":[],"class_list":{"0":"post-20176","1":"post","2":"type-post","3":"status-publish","4":"format-standard","5":"has-post-thumbnail","7":"category-chaco"},"_links":{"self":[{"href":"https:\/\/chacosintesis.com.ar\/index.php\/wp-json\/wp\/v2\/posts\/20176","targetHints":{"allow":["GET"]}}],"collection":[{"href":"https:\/\/chacosintesis.com.ar\/index.php\/wp-json\/wp\/v2\/posts"}],"about":[{"href":"https:\/\/chacosintesis.com.ar\/index.php\/wp-json\/wp\/v2\/types\/post"}],"author":[{"embeddable":true,"href":"https:\/\/chacosintesis.com.ar\/index.php\/wp-json\/wp\/v2\/users\/1"}],"replies":[{"embeddable":true,"href":"https:\/\/chacosintesis.com.ar\/index.php\/wp-json\/wp\/v2\/comments?post=20176"}],"version-history":[{"count":0,"href":"https:\/\/chacosintesis.com.ar\/index.php\/wp-json\/wp\/v2\/posts\/20176\/revisions"}],"wp:featuredmedia":[{"embeddable":true,"href":"https:\/\/chacosintesis.com.ar\/index.php\/wp-json\/wp\/v2\/media\/20177"}],"wp:attachment":[{"href":"https:\/\/chacosintesis.com.ar\/index.php\/wp-json\/wp\/v2\/media?parent=20176"}],"wp:term":[{"taxonomy":"category","embeddable":true,"href":"https:\/\/chacosintesis.com.ar\/index.php\/wp-json\/wp\/v2\/categories?post=20176"},{"taxonomy":"post_tag","embeddable":true,"href":"https:\/\/chacosintesis.com.ar\/index.php\/wp-json\/wp\/v2\/tags?post=20176"}],"curies":[{"name":"wp","href":"https:\/\/api.w.org\/{rel}","templated":true}]}}