{"id":20173,"date":"2023-04-02T09:14:36","date_gmt":"2023-04-02T12:14:36","guid":{"rendered":"https:\/\/chacosintesis.com.ar\/?p=20173"},"modified":"2023-04-02T09:14:37","modified_gmt":"2023-04-02T12:14:37","slug":"el-1-de-abril-la-esfa-2-del-paraje-el-zanjon-cumplio-29-anos-de-su-creacion","status":"publish","type":"post","link":"https:\/\/chacosintesis.com.ar\/index.php\/el-1-de-abril-la-esfa-2-del-paraje-el-zanjon-cumplio-29-anos-de-su-creacion\/","title":{"rendered":"El 1 de Abril la ESFA 2 del Paraje El Zanj\u00f3n cumpli\u00f3 29 a\u00f1os de su creaci\u00f3n"},"content":{"rendered":"\n<p>La vida en el campo es una escuela de paciencia ,no se puede apurar los cultivos o hacer un buey en dos d\u00edas . En todos los tiempos se supo que la ESCUELA es el camino y que gratificante que sea en el contexto rural.<\/p>\n\n\n\n<p><br>Un d\u00eda, la comunidad de El Zanj\u00f3n y sus alrededores, m\u00e1s precisamente el 1 de abril de a\u00f1o 1994 fue creada la Escuela de la Familia Agr\u00edcola m\u00e1s conocida como E.F.A. El Zanj\u00f3n. Con una particularidad la implementaci\u00f3n del Sistema de Alternancia en el marco de la Resoluci\u00f3n 720 \/94.<\/p>\n\n\n\n<p><br>\u00c9sta, nuestra casa de estudios, est\u00e1 destinada para hijos de familias del medio rural, para que no tengan que ir a las ciudades para estudiar el nivel secundario.<br>En aquel a\u00f1o la Capilla Santa Catalina le presta sus instalaciones para que la E.S.F.A. El Zanj\u00f3n inicie sus actividades.<\/p>\n\n\n\n<p><br>Se contaba \u00fanicamente con 1 tinglado, un dep\u00f3sito y la capilla que se utilizaba de aula para las clases y otras actividades.<\/p>\n\n\n\n<p><br>Ha sido una experiencia muy linda para la zona, muy novedosa, las familias se preguntaban \u00bfc\u00f3mo puede ser una escuela con albergue? \u00bfConvivir\u00e1n chicas y chicos? fue un gran desaf\u00edo ya que era algo nuevo, desconocido hasta ese momento.<br>Los comienzos datan de un grupo de 41 chicos en 1er a\u00f1o de los cuales terminaron 21 en 5to a\u00f1o.<\/p>\n\n\n\n<p><br>Tuvimos mucho acompa\u00f1amiento de padres, vecinos y del intendente de Quitilipi de ese entonces Sr. Alberto Rodolfo Pe\u00f3n.<\/p>\n\n\n\n<p><br>Es muy meritorio agasajar al profesor precursor que est\u00e1 desde el inicio de la E.F.A. 2 El Zanj\u00f3n ,Nos referimos al profesor Sergio Rodas, quien sigue actualmente como profesor a cargo de internado y o residencia, tan destacado y tan comprometido con su labor como el primer d\u00eda, otros ya se jubilaron.<\/p>\n\n\n\n<p><br>Muchos de los ni\u00f1os que alguna vez ingresaron temerosos, actualmente son grandes profesionales, otros continuaron su labor en el campo. De la primera promoci\u00f3n hoy son profesoras de esta instituci\u00f3n escolar, Mariana y Marita Milesi y Karina Rudiac .<br>A lo largo de este tiempo transcurrido hemos comprendido que un sue\u00f1o no se hace realidad por arte de magia, se necesita sudor, determinaci\u00f3n y trabajo duro y as\u00ed fue que actualmente, la instituci\u00f3n cuenta con un plantel de 50 docentes, 6 personal de servicio, una matr\u00edcula de 190 estudiantes y 140 familias que componen esta gran comunidad educativa. <\/p>\n\n\n\n<p>Tambi\u00e9n esta instituci\u00f3n rural posee 6 aulas equipadas ,1 direcci\u00f3n ,administraci\u00f3n ,cocina- comedor ,sala de profesores ,biblioteca , dep\u00f3sito , 1 S.U.M . ,dormitorios y sanitarios para alumnos y alumnas . Recordamos y agradecemos al mismo tiempo a toda la comunidad educativa ya que con distintos tipos de beneficios ,como ser bingos, rifas,obtuvimos recursos genuinos y se construy\u00f3 el tan anhelado S.U.M. con la ayuda del gobierno provincial para terminarlo .Actualmente se sigue trabajando permanentemente para mantener en buenas condiciones la infraestructura escolar a trav\u00e9s de la cooperadora escolar,profesores,padres y la ayuda incondicional de toda la gran comunidad educativa .<\/p>\n\n\n\n<p><br>Pedimos de coraz\u00f3n cuidemos y amemos a esta nuestra querida casa, quien posibilita cumplir el sue\u00f1o de un sin fin de generaciones y reflexionemos que el edificio y comodidades que las primeras promociones anhelaban hoy lo tienen ustedes.<br>E.S.F.A. N\u00b02 de Paraje El Zanj\u00f3n al norte de Quitilipi ,sobre ruta 4, FELICES y pr\u00f3spero 29 A\u00d1OS DE VIDA INSTITUCIONAL de parte de personal directivo, administrativos ,docentes ,profesores a cargo del internado y o residencia escolar ,padres ,alumnos ,comunidad educativa .-<\/p>\n\n\n\n<p><br>Por \u00faltimo profesores y alumnos le cantaron el feliz cumplea\u00f1os para la E.S.F.A. 2 de El Zanj\u00f3n .-<\/p>\n","protected":false},"excerpt":{"rendered":"<p>La vida en el campo es una escuela de paciencia ,no se puede apurar los cultivos o hacer un buey en dos d\u00edas . En todos los tiempos se supo que la ESCUELA es el camino y que gratificante que sea en el contexto rural. Un d\u00eda, la comunidad de El Zanj\u00f3n y sus alrededores, [&hellip;]<\/p>\n","protected":false},"author":1,"featured_media":20174,"comment_status":"closed","ping_status":"closed","sticky":false,"template":"","format":"standard","meta":{"footnotes":""},"categories":[6],"tags":[],"class_list":{"0":"post-20173","1":"post","2":"type-post","3":"status-publish","4":"format-standard","5":"has-post-thumbnail","7":"category-chaco"},"_links":{"self":[{"href":"https:\/\/chacosintesis.com.ar\/index.php\/wp-json\/wp\/v2\/posts\/20173","targetHints":{"allow":["GET"]}}],"collection":[{"href":"https:\/\/chacosintesis.com.ar\/index.php\/wp-json\/wp\/v2\/posts"}],"about":[{"href":"https:\/\/chacosintesis.com.ar\/index.php\/wp-json\/wp\/v2\/types\/post"}],"author":[{"embeddable":true,"href":"https:\/\/chacosintesis.com.ar\/index.php\/wp-json\/wp\/v2\/users\/1"}],"replies":[{"embeddable":true,"href":"https:\/\/chacosintesis.com.ar\/index.php\/wp-json\/wp\/v2\/comments?post=20173"}],"version-history":[{"count":0,"href":"https:\/\/chacosintesis.com.ar\/index.php\/wp-json\/wp\/v2\/posts\/20173\/revisions"}],"wp:featuredmedia":[{"embeddable":true,"href":"https:\/\/chacosintesis.com.ar\/index.php\/wp-json\/wp\/v2\/media\/20174"}],"wp:attachment":[{"href":"https:\/\/chacosintesis.com.ar\/index.php\/wp-json\/wp\/v2\/media?parent=20173"}],"wp:term":[{"taxonomy":"category","embeddable":true,"href":"https:\/\/chacosintesis.com.ar\/index.php\/wp-json\/wp\/v2\/categories?post=20173"},{"taxonomy":"post_tag","embeddable":true,"href":"https:\/\/chacosintesis.com.ar\/index.php\/wp-json\/wp\/v2\/tags?post=20173"}],"curies":[{"name":"wp","href":"https:\/\/api.w.org\/{rel}","templated":true}]}}