{"id":20169,"date":"2023-04-01T12:34:07","date_gmt":"2023-04-01T15:34:07","guid":{"rendered":"https:\/\/chacosintesis.com.ar\/?p=20169"},"modified":"2023-04-01T12:38:02","modified_gmt":"2023-04-01T15:38:02","slug":"polini-presento-su-precandidatura-a-gobernador-en-general-pinedo","status":"publish","type":"post","link":"https:\/\/chacosintesis.com.ar\/index.php\/polini-presento-su-precandidatura-a-gobernador-en-general-pinedo\/","title":{"rendered":"Polini present\u00f3 su precandidatura a gobernador en General Pinedo"},"content":{"rendered":"<p>El farmac\u00e9utico, productor agropecuario y comerciante dugratense, Juan Carlos Polini, present\u00f3 su precandidatura a gobernador del Chaco en la localidad de General Pinedo acompa\u00f1ado por el intendente de Las Bre\u00f1as Omar Machuca, de Coronel Du Graty Oscar Dalmasso, el ex intendente de la localidad Juan Antonio Reschini, los diputados provinciales Livio Guti\u00e9rrez y D\u00e9bora Cardozo, concejales, militantes y dirigentes.<br \/>\n\u201cNos dicen que todo est\u00e1 bien cuando sabemos que no es as\u00ed, el incremento de la pobreza no es solamente una cifra de INDEC, refleja el padecimiento de miles de familias chaque\u00f1as, lo vemos y vivimos todos los d\u00edas, esa misma gente que no puede comer o que no puede conseguir un trabajo hoy le llega una boleta de luz de 20.000 o 30.000 pesos, y encima tiene que \u201cmostrarse\u201d agradecida porque el gobernador les \u201csoluciona\u201d el tarifazo de Secheep d\u00e1ndoles un cr\u00e9dito, un desprop\u00f3sito, no podemos permitir que estas cosas sigan pasando, es nuestro deber salir a decirle a los vecinos que los que est\u00e1n hace m\u00e1s de 15 a\u00f1os no son la soluci\u00f3n, son el problema, en todo este tiempo no hicieron m\u00e1s que mentir, dejar obras inconclusas y beneficiar a sus amigos\u201d<br \/>\n\u201cYo entiendo a los comerciantes y empresarios y lo digo en serio, no es un eslogan de campa\u00f1a, soy un trabajador del sector y como ustedes, me levanto todos los d\u00edas a las 5 de la ma\u00f1ana para cumplir con los impuestos, liquidar sueldos, producir y generar empleo, pero tenemos un Estado que es nuestro socio en las buenas y nos abandona en las malas, desde el 10 de diciembre eso va a cambiar, vamos a construir un Chaco distinto, con un Estado presente que apoye y acompa\u00f1e de verdad a los emprendedores, estoy convencido de que ese es el gran camino a tomar para salir de la crisis.\u201d<br \/>\n\u201cEntiendo que no podemos pedirles a quienes toda su vida vivieron del Estado que entiendan lo que es lidiar con las presiones del d\u00eda a d\u00eda, hablan de crecer y producir detr\u00e1s de un escritorio, no escuchan a quienes generan empleo y movilizan la econom\u00eda cuando a gritos piden auxilio porque no pueden mas.\u201d<br \/>\n\u201cLos invito a caminar hacia el Chaco del ma\u00f1ana, ese que nos merecemos, que todos queremos disfrutar y queremos dejarle a nuestros hijos y nietos. Hoy la provincia nos necesita trabajando en un proyecto serio y comprometido: nos necesitan los docentes, nos necesitan los m\u00e9dicos y enfermeros, nos necesita la polic\u00eda, nos necesitan los empleados p\u00fablicos que no tienen siquiera insumos para realizar su trabajo, nos necesitan los j\u00f3venes que no consiguen un trabajo y tambi\u00e9n los adultos mayores que en vez de descansar, tienen que seguir changueando para poder llegar a fin de mes. Es urgente que tomemos las riendas de la provincia y la saquemos adelante. Nadie puede hacerlo solo, m\u00e1s que nunca nos necesitamos, anim\u00e9monos a construir un Chaco distinto.\u201d<br \/>\nMACHUCA: \u201cPOLINI ES EL LIDER DE NUESTRO PROYECTO\u201d<br \/>\nOmar Machuca, intendente de Las Bre\u00f1as expres\u00f3: \u201cVinimos a ratificar junto a Chila Reschini y Oscar Dalmasso la decisi\u00f3n de llevar a Juan Carlos Polini como nuestro l\u00edder en este proyecto, junto a la mayor\u00eda de los intendentes lo vamos a apoyar el 18 de junio en las elecciones PASO porque tenemos muchas expectativas puestas en su persona\u201d<br \/>\n\u201cLos invito a que pongamos todo nuestro \u00e9nfasis para que, desde la convicci\u00f3n y cara a cara con la gente, podamos volver a conducir la Municipalidad de General Pinedo y que Juan Carlos Polini sea quien lleve adelante el cambio en la provincia y en cada rinc\u00f3n del Chaco, ese cambio que se merecen los chaque\u00f1os\u201d.<br \/>\nCHILA RESCHINI: \u201cPOLINI ES UN POL\u00cdTICO DISTINTO\u201d<br \/>\nEn tanto, el ex intendente de la localidad anfitriona, Juan Antonio \u201cChila\u201d Reschini, hizo expl\u00edcito su apoyo al productor agropecuario \u201cJuan Carlos viene trabajando junto a dirigentes de las distintas localidades, el motor est\u00e1 en marcha y nuestra dirigencia est\u00e1 lista para triplicar los esfuerzos,  vamos a llegar a las PASO y luego a las generales de la mano de Juan Carlos, lo veremos siendo el nuevo gobernador de los chaque\u00f1os, porque Polini es un pol\u00edtico distinto, al que nadie le va a venir a contar qu\u00e9 es lo que le pasa al ciudadano de a pie, lo sabe perfectamente y tenemos que felicitarlo por su militancia, porque tiene ganas y vocaci\u00f3n, desea ser gobernador, lo vemos los 7 d\u00edas de la semana recorriendo todos los rincones del Chaco, nuestros brazos est\u00e1n abiertos, quiero pedirles especialmente a los j\u00f3venes que participen, que se acerquen porque los necesitamos, queremos que nos ayuden a ganar y a gobernar.\u201d<\/p>\n","protected":false},"excerpt":{"rendered":"<p>El farmac\u00e9utico, productor agropecuario y comerciante dugratense, Juan Carlos Polini, present\u00f3 su precandidatura a gobernador del Chaco en la localidad de General Pinedo acompa\u00f1ado por el intendente de Las Bre\u00f1as Omar Machuca, de Coronel Du Graty Oscar Dalmasso, el ex intendente de la localidad Juan Antonio Reschini, los diputados provinciales Livio Guti\u00e9rrez y D\u00e9bora Cardozo, [&hellip;]<\/p>\n","protected":false},"author":1,"featured_media":20170,"comment_status":"closed","ping_status":"closed","sticky":false,"template":"","format":"standard","meta":{"footnotes":""},"categories":[6],"tags":[],"class_list":{"0":"post-20169","1":"post","2":"type-post","3":"status-publish","4":"format-standard","5":"has-post-thumbnail","7":"category-chaco"},"_links":{"self":[{"href":"https:\/\/chacosintesis.com.ar\/index.php\/wp-json\/wp\/v2\/posts\/20169","targetHints":{"allow":["GET"]}}],"collection":[{"href":"https:\/\/chacosintesis.com.ar\/index.php\/wp-json\/wp\/v2\/posts"}],"about":[{"href":"https:\/\/chacosintesis.com.ar\/index.php\/wp-json\/wp\/v2\/types\/post"}],"author":[{"embeddable":true,"href":"https:\/\/chacosintesis.com.ar\/index.php\/wp-json\/wp\/v2\/users\/1"}],"replies":[{"embeddable":true,"href":"https:\/\/chacosintesis.com.ar\/index.php\/wp-json\/wp\/v2\/comments?post=20169"}],"version-history":[{"count":0,"href":"https:\/\/chacosintesis.com.ar\/index.php\/wp-json\/wp\/v2\/posts\/20169\/revisions"}],"wp:featuredmedia":[{"embeddable":true,"href":"https:\/\/chacosintesis.com.ar\/index.php\/wp-json\/wp\/v2\/media\/20170"}],"wp:attachment":[{"href":"https:\/\/chacosintesis.com.ar\/index.php\/wp-json\/wp\/v2\/media?parent=20169"}],"wp:term":[{"taxonomy":"category","embeddable":true,"href":"https:\/\/chacosintesis.com.ar\/index.php\/wp-json\/wp\/v2\/categories?post=20169"},{"taxonomy":"post_tag","embeddable":true,"href":"https:\/\/chacosintesis.com.ar\/index.php\/wp-json\/wp\/v2\/tags?post=20169"}],"curies":[{"name":"wp","href":"https:\/\/api.w.org\/{rel}","templated":true}]}}