{"id":20167,"date":"2023-04-01T12:32:06","date_gmt":"2023-04-01T15:32:06","guid":{"rendered":"https:\/\/chacosintesis.com.ar\/?p=20167"},"modified":"2023-04-01T12:38:00","modified_gmt":"2023-04-01T15:38:00","slug":"mas-de-130-familias-chaquenas-cumplen-el-sueno-de-acceder-a-la-casa-propia","status":"publish","type":"post","link":"https:\/\/chacosintesis.com.ar\/index.php\/mas-de-130-familias-chaquenas-cumplen-el-sueno-de-acceder-a-la-casa-propia\/","title":{"rendered":"M\u00e1s de 130 familias chaque\u00f1as cumplen el sue\u00f1o de acceder a la casa propia"},"content":{"rendered":"<p>Las nuevas viviendas est\u00e1n ubicadas en la Chacra 214, en la zona sur de la ciudad. El gobierno Provincial redobla esfuerzos para alcanzar la meta de 25.000 soluciones habitacionales con distintas estrategias de financiamiento. \u201cLa inversi\u00f3n que estamos haciendo hoy es una semilla que crecer\u00e1 en el futuro y que implicar\u00e1 un nuevo modelo de ordenamiento urbano y territorial, con ocupaci\u00f3n de los espacios p\u00fablicos en \u00f3ptimas condiciones\u201d, dijo el gobernador Jorge Capitanich.<\/p>\n<p>El gobernador Jorge Capitanich concret\u00f3 este s\u00e1bado la entrega de m\u00e1s de 130 viviendas a familias que acceden as\u00ed a cumplir con el sue\u00f1o de la casa propia. Las nuevas viviendas construidas en la zona sur de la ciudad  cuentan con todos los servicios b\u00e1sicos y forman parte de un desarrollo urban\u00edstico que tendr\u00e1 un gran potencial de cara al futuro.<br \/>\n\u201cHoy es un gran d\u00eda porque compartimos la alegr\u00eda y la emoci\u00f3n de m\u00e1s de 130 familias que est\u00e1n cumpliendo el sue\u00f1o de acceder a la casa propia, que es un derecho de todos los chaque\u00f1os y chaque\u00f1as y un legado para las futuras generaciones\u201d, dijo el gobernador.<br \/>\nEn este contexto felicit\u00f3 a los vecinos y vecinas que han sido adjudicados con una vivienda en la Chacra 214 y pueden acceder tambi\u00e9n al t\u00edtulo de propiedad . Las familias beneficiarias \u201cpodr\u00e1n vivir en la zona sur de Resistencia con acceso a todos los servicios b\u00e1sicos y en las mejores condiciones\u201d, se\u00f1al\u00f3.<br \/>\n \u201cLa ejecuci\u00f3n de una vivienda implica el derecho al trabajo, porque en este complejo trabajaron cerca de 250 personas. Pero tambi\u00e9n es generar el derecho a la vivienda digna a la que toda persona humana debe aspirar en una sociedad democr\u00e1tica y pluralista\u201d, remarc\u00f3 el mandatario.<br \/>\nAcompa\u00f1aron al gobernador el ministro de Planificaci\u00f3n, Econom\u00eda e Infraestructura, Santiago P\u00e9rez Pons; el presidente del IPDUV, Diego Arevalo; directivos del Instituto Provincial de Viviendas y las familias que fueron adjudicadas con las nuevas viviendas.<br \/>\nCapitanich explic\u00f3 que el Gobierno Provincial esta trabajando con distintas fuentes de financiamiento para llegar a una meta de casi 25.000 soluciones habitacionales. \u201cNo cabe la menor duda que la expansi\u00f3n de la zona sur va a tener un desarrollo urban\u00edstico potenciado en el futuro y tambi\u00e9n con ordenamiento territorial\u201d, agreg\u00f3.<br \/>\n \u201cLa inversi\u00f3n que estamos haciendo hoy es una semilla que crecer\u00e1 en el futuro y que implicar\u00e1 un nuevo modelo de ordenamiento urbano y territorial, con ocupaci\u00f3n de los espacios p\u00fablicos en \u00f3ptimas condiciones\u201d, ponder\u00f3 el mandatario.<br \/>\n\u201cNo me cabe la menor duda que si hay algo que lleva emoci\u00f3n a nuestros corazones es poder finalmente garantizar el acceso a una vivienda digna. Una vivienda digna no solamente por el costo, sino por lo que significa el esfuerzo para la familia\u201d, se\u00f1al\u00f3.<br \/>\nFinalmente, Capitnaich resalt\u00f3 : \u201cHoy es un d\u00eda muy importante para festejarlo, para emocionarnos, para alegrarnos, para compartir, porque esta es una muy buena jornada y para saber que hacia el futuro nuestros hijos y nuestros nietos tendr\u00e1n definitivamente una vivienda digna\u201d.<br \/>\n Soluciones habitacionales de IAFEP<\/p>\n<p>Luego de la entrega de las 136 viviendas, el gobernador entreg\u00f3 cinco soluciones habitacionales, tres en la chacra 214 y dos en la chacra 215 de la zona Sur de Resistencia. Las mismas fueron ejecutadas a trav\u00e9s del Instituto de Agricultura Familiar y Econom\u00eda Popular (IAFEP), que invirti\u00f3 $5.400.000 en cada vivienda. Las obras son parte de un programa de 2.200 soluciones en total, de las cuales 500 se encuentran en la \u00faltima etapa de construcci\u00f3n.<\/p>\n","protected":false},"excerpt":{"rendered":"<p>Las nuevas viviendas est\u00e1n ubicadas en la Chacra 214, en la zona sur de la ciudad. El gobierno Provincial redobla esfuerzos para alcanzar la meta de 25.000 soluciones habitacionales con distintas estrategias de financiamiento. \u201cLa inversi\u00f3n que estamos haciendo hoy es una semilla que crecer\u00e1 en el futuro y que implicar\u00e1 un nuevo modelo de [&hellip;]<\/p>\n","protected":false},"author":1,"featured_media":20168,"comment_status":"closed","ping_status":"closed","sticky":false,"template":"","format":"standard","meta":{"footnotes":""},"categories":[6],"tags":[],"class_list":{"0":"post-20167","1":"post","2":"type-post","3":"status-publish","4":"format-standard","5":"has-post-thumbnail","7":"category-chaco"},"_links":{"self":[{"href":"https:\/\/chacosintesis.com.ar\/index.php\/wp-json\/wp\/v2\/posts\/20167","targetHints":{"allow":["GET"]}}],"collection":[{"href":"https:\/\/chacosintesis.com.ar\/index.php\/wp-json\/wp\/v2\/posts"}],"about":[{"href":"https:\/\/chacosintesis.com.ar\/index.php\/wp-json\/wp\/v2\/types\/post"}],"author":[{"embeddable":true,"href":"https:\/\/chacosintesis.com.ar\/index.php\/wp-json\/wp\/v2\/users\/1"}],"replies":[{"embeddable":true,"href":"https:\/\/chacosintesis.com.ar\/index.php\/wp-json\/wp\/v2\/comments?post=20167"}],"version-history":[{"count":0,"href":"https:\/\/chacosintesis.com.ar\/index.php\/wp-json\/wp\/v2\/posts\/20167\/revisions"}],"wp:featuredmedia":[{"embeddable":true,"href":"https:\/\/chacosintesis.com.ar\/index.php\/wp-json\/wp\/v2\/media\/20168"}],"wp:attachment":[{"href":"https:\/\/chacosintesis.com.ar\/index.php\/wp-json\/wp\/v2\/media?parent=20167"}],"wp:term":[{"taxonomy":"category","embeddable":true,"href":"https:\/\/chacosintesis.com.ar\/index.php\/wp-json\/wp\/v2\/categories?post=20167"},{"taxonomy":"post_tag","embeddable":true,"href":"https:\/\/chacosintesis.com.ar\/index.php\/wp-json\/wp\/v2\/tags?post=20167"}],"curies":[{"name":"wp","href":"https:\/\/api.w.org\/{rel}","templated":true}]}}