{"id":20119,"date":"2023-03-30T16:17:04","date_gmt":"2023-03-30T19:17:04","guid":{"rendered":"https:\/\/chacosintesis.com.ar\/?p=20119"},"modified":"2023-03-30T16:37:06","modified_gmt":"2023-03-30T19:37:06","slug":"avanzan-los-trabajos-en-el-aeropuerto-internacional-de-resistencia","status":"publish","type":"post","link":"https:\/\/chacosintesis.com.ar\/index.php\/avanzan-los-trabajos-en-el-aeropuerto-internacional-de-resistencia\/","title":{"rendered":"Avanzan los trabajos en el Aeropuerto Internacional de Resistencia"},"content":{"rendered":"<p>Capitanich visit\u00f3 las obras que se ejecutan en la estaci\u00f3n aeroportuaria, que incluye intervenciones en la pista de rodaje, refacci\u00f3n integral de la pista, modernizaci\u00f3n en la torre de control, entre otros.<br \/>\nEl gobernador Jorge Capitanich, visit\u00f3 las instalaciones del Aeropuerto Internacional de Resistencia, en donde verific\u00f3 los avances de las obras de refacci\u00f3n y ampliaci\u00f3n que se est\u00e1n ejecutando con mano de obra local, con el objetivo de mejorar y ampliar la infraestructura aeroportuaria. \u201cEs un proyecto muy importante que da trascendencia y volumen al aeropuerto\u201d, se\u00f1al\u00f3 el mandatario.<br \/>\n\u201cEsta obra significa un impacto de 70 a 120 empleos directos e indirectos para la intervenci\u00f3n en la pista de rodaje y de obras de adecuaci\u00f3n hidr\u00e1ulica, una reforma integral en la pasarela telesc\u00f3pica y la modernizaci\u00f3n integral del sistema que tambi\u00e9n incluye la torre de control\u201d, detall\u00f3 Capitanich.<br \/>\nCon una inversi\u00f3n superior a los 2.600 millones de pesos con financiamiento nacional, los trabajos tienen como objetivo potenciar la infraestructura portuaria.<br \/>\nEs importante recordar que mientras se ejecuten los trabajos, el aeropuerto estar\u00e1 cerrado hasta el 29 de mayo. \u201cLa obra avanza a un muy buen ritmo, y dentro de dos meses el lugar estar\u00e1 operativo gracias a la intensidad de las inversiones y el volumen en materia de generaci\u00f3n de empleo\u201d, agreg\u00f3 el gobernador.<br \/>\nCabe recordar que en 2008, durante la presidencia de Cristina Fern\u00e1ndez de Kirchner, se inaugur\u00f3 una refacci\u00f3n y remodelaci\u00f3n de car\u00e1cter parcial del aeropuerto, y en este contexto, se requer\u00eda una intervenci\u00f3n adicional.<br \/>\nServicio gratuito de transporte al aeropuerto de Corrientes<br \/>\nAtento al cerramiento parcial del aeropuerto por los trabajos de remodelaci\u00f3n y por lo cual los vuelos de Aerol\u00edneas Argentinas que llegaban y part\u00edan desde all\u00ed, fueron reprogramados hacia el Aeropuerto \u201cFernando Piragine Niveyro\u201d de Corrientes, el Gobierno Provincial habilit\u00f3 un servicio gratuito de transporte desde Resistencia hacia el aeropuerto correntino.<br \/>\nEl servicio, totalmente gratuito, se brinda tanto de ida como de vuelta desde el pasado mi\u00e9rcoles 15 de marzo. El punto de salida hacia y de regreso desde la provincia vecina es la Estaci\u00f3n Terminal de \u00d3mnibus de Resistencia, ubicada en avenida Mac Lean 2347.<br \/>\nAll\u00ed hay un punto de encuentro con comodidades para las y los pasajeros y cada viaje es anunciado por altoparlante, adem\u00e1s, se indica en la pantalla de viajes del lugar. A su vez, 20 minutos despu\u00e9s del aterrizaje de los vuelos en el Aeropuerto de Corrientes, parten el colectivo de regreso a Resistencia.<br \/>\nEn ambos casos, se debe exhibir a los inspectores de la Subsecretar\u00eda de Transporte el ticket del vuelo de forma impresa o digital junto al DNI, para la correcta verificaci\u00f3n de la informaci\u00f3n. Quienes deseen acceder al servicio para cualquiera de los tres vuelos diarios que fueron reprogramados, deber\u00e1n acercarse tres horas y media antes de la salida del vuelo a la Terminal de Resistencia.<\/p>\n<p>&lt;<a href=\"http:\/\/www.avg.com\/email-signature?utm_medium=email&amp;utm_source=link&amp;utm_campaign=sig-email&amp;utm_content=webmail\">www.avg.com\/email-signature?utm_medium=email&amp;utm_source=link&amp;utm_campaign=sig-email&amp;utm_content=webmail<\/a>&gt; Libre de virus.www.avg.com &lt;<a href=\"http:\/\/www.avg.com\/email-signature?utm_medium=email&amp;utm_source=link&amp;utm_campaign=sig-email&amp;utm_content=webmail\">www.avg.com\/email-signature?utm_medium=email&amp;utm_source=link&amp;utm_campaign=sig-email&amp;utm_content=webmail<\/a>&gt; <\/p>\n","protected":false},"excerpt":{"rendered":"<p>Capitanich visit\u00f3 las obras que se ejecutan en la estaci\u00f3n aeroportuaria, que incluye intervenciones en la pista de rodaje, refacci\u00f3n integral de la pista, modernizaci\u00f3n en la torre de control, entre otros. El gobernador Jorge Capitanich, visit\u00f3 las instalaciones del Aeropuerto Internacional de Resistencia, en donde verific\u00f3 los avances de las obras de refacci\u00f3n y [&hellip;]<\/p>\n","protected":false},"author":1,"featured_media":20120,"comment_status":"closed","ping_status":"closed","sticky":false,"template":"","format":"standard","meta":{"footnotes":""},"categories":[6],"tags":[],"class_list":{"0":"post-20119","1":"post","2":"type-post","3":"status-publish","4":"format-standard","5":"has-post-thumbnail","7":"category-chaco"},"_links":{"self":[{"href":"https:\/\/chacosintesis.com.ar\/index.php\/wp-json\/wp\/v2\/posts\/20119","targetHints":{"allow":["GET"]}}],"collection":[{"href":"https:\/\/chacosintesis.com.ar\/index.php\/wp-json\/wp\/v2\/posts"}],"about":[{"href":"https:\/\/chacosintesis.com.ar\/index.php\/wp-json\/wp\/v2\/types\/post"}],"author":[{"embeddable":true,"href":"https:\/\/chacosintesis.com.ar\/index.php\/wp-json\/wp\/v2\/users\/1"}],"replies":[{"embeddable":true,"href":"https:\/\/chacosintesis.com.ar\/index.php\/wp-json\/wp\/v2\/comments?post=20119"}],"version-history":[{"count":0,"href":"https:\/\/chacosintesis.com.ar\/index.php\/wp-json\/wp\/v2\/posts\/20119\/revisions"}],"wp:featuredmedia":[{"embeddable":true,"href":"https:\/\/chacosintesis.com.ar\/index.php\/wp-json\/wp\/v2\/media\/20120"}],"wp:attachment":[{"href":"https:\/\/chacosintesis.com.ar\/index.php\/wp-json\/wp\/v2\/media?parent=20119"}],"wp:term":[{"taxonomy":"category","embeddable":true,"href":"https:\/\/chacosintesis.com.ar\/index.php\/wp-json\/wp\/v2\/categories?post=20119"},{"taxonomy":"post_tag","embeddable":true,"href":"https:\/\/chacosintesis.com.ar\/index.php\/wp-json\/wp\/v2\/tags?post=20119"}],"curies":[{"name":"wp","href":"https:\/\/api.w.org\/{rel}","templated":true}]}}