{"id":20111,"date":"2023-03-30T15:59:07","date_gmt":"2023-03-30T18:59:07","guid":{"rendered":"https:\/\/chacosintesis.com.ar\/?p=20111"},"modified":"2023-03-30T16:07:02","modified_gmt":"2023-03-30T19:07:02","slug":"inauguraron-la-casa-museo-del-veterano-de-malvinas-de-plaza-con-mobiliario-y-nuevos-espacios-de-exposicion","status":"publish","type":"post","link":"https:\/\/chacosintesis.com.ar\/index.php\/inauguraron-la-casa-museo-del-veterano-de-malvinas-de-plaza-con-mobiliario-y-nuevos-espacios-de-exposicion\/","title":{"rendered":"Inauguraron la Casa Museo del Veterano de Malvinas de Plaza, con mobiliario y nuevos espacios de exposici\u00f3n"},"content":{"rendered":"<p>Un nuevo centro m\u00e1s para honrar la memoria de los veteranos y sus familias. En esta casa museo se podr\u00e1 conocer la historia de las islas de los 50 soldados place\u00f1os.<br \/>\nEl gobernador Jorge Capitanich encabez\u00f3 el acto de reapertura de la Casa Museo del Veterano de Malvinas en Presidencia de la Plaza, que estrena mobiliario y nuevos espacios para la exposici\u00f3n de elementos de la guerra. \u201cNo cabe la menor duda que la soberan\u00eda sobre las Islas Malvinas corresponde a Argentina, as\u00ed que m\u00e1s temprano que tarde, esta cuesti\u00f3n se resolver\u00e1 por v\u00eda diplom\u00e1tica a favor de nuestro pa\u00eds. Por esto debemos reivindicar la lucha de nuestros h\u00e9roes y m\u00e1rtires que ofrendaron su vida en defensa de los intereses de nuestra patria\u201d.<br \/>\nCapitanich record\u00f3: \u201cHemos propiciado varias pol\u00edticas que nos permiten ejercer mecanismos de reivindicaci\u00f3n para nuestros veteranos de guerra como la equiparaci\u00f3n a la pensi\u00f3n nacional y somos la \u00fanica provincia del pa\u00eds que lo hace. Tambi\u00e9n dise\u00f1amos un plan de infraestructura para generar los puntos de encuentro entre los protagonistas de esta historia y la comunidad y sobre todo, es la lucha por otra v\u00eda para exigir esa soberan\u00eda y construir nuestra identidad. lo que se conoce como el proceso de malvinizaci\u00f3n\u201d.<br \/>\nEsta intervenci\u00f3n demand\u00f3 una inversi\u00f3n de $3.715.551, gracias a los aportes de Loter\u00eda Chaque\u00f1a y el Ministerio de Planificaci\u00f3n, Econom\u00eda e Infraestructura. Con este dinero se adquiri\u00f3 mobiliario a medida y se realizaron obras integrales en la instalaci\u00f3n el\u00e9ctrica de los espacios de exhibici\u00f3n.<br \/>\nMemoria viva<br \/>\nH\u00e9ctor Condeas, ex combatiente de Malvinas, dijo que \u201cpara nosotros es muy importante contar con esta nueva casa para que la comunidad pueda conocer c\u00f3mo vivimos la guerra de Malvinas\u201d. Recordemos que de la localidad de Plaza fueron m\u00e1s de 50 j\u00f3venes como soldados a Malvinas. F\u00e9lix Pedro Almir\u00f3n, otro de los ex combatientes, dijo que \u201ca trav\u00e9s de este espacio la comunidad y sobre todo las nuevas generaciones, podr\u00e1n ver de primera mano todo lo que utilizamos en la guerra de Malvinas, podr\u00e1n conocer este pedazo de la historia\u201d.<br \/>\nRa\u00fal Bittel, subsecretario de Gobierno, coment\u00f3 que \u201cla memoria sobre lo ocurrido en Malvinas hoy sigue vigente y seguimos inaugurando obras que permitan esos espacios de memoria y reconocimiento del rol de los combatientes, donde Chaco mand\u00f3 muchos soldados\u201d. Y a\u00f1adi\u00f3: \u201cTenemos que recordar que antes de Malvinas la bandera argentina se hizaba en las islas, la bandera de YPF estaba all\u00ed, y que esa guerra, planeada por el gobierno militar para perpetuarse en el poder, fue p\u00e9rdida de un espacio geoestrat\u00e9gico importante para el pa\u00eds y de vidas de los argentinos que fueron a defender nuestra soberan\u00eda\u201d.<br \/>\nEn la localidad el Gobierno Provincial ya invirti\u00f3 $4.722.912.985,40, en obras que se inauguraron y otras en ejecuci\u00f3n, que garantizar las condiciones para el crecimiento comunitario en educaci\u00f3n, salud, seguridad, mejoras de espacios de recreaci\u00f3n, deportivos, culturales, administrativos; m\u00e1s obras integrales para la provisi\u00f3n de agua potable, rutas, pavimento urbano, electrificaci\u00f3n rural y urbana, alumbrado p\u00fablico y construcci\u00f3n de m\u00e1s de 200 viviendas.<br \/>\n &lt;<a href=\"http:\/\/www.avg.com\/email-signature?utm_medium=email&amp;utm_source=link&amp;utm_campaign=sig-email&amp;utm_content=webmail\">www.avg.com\/email-signature?utm_medium=email&amp;utm_source=link&amp;utm_campaign=sig-email&amp;utm_content=webmail<\/a>&gt; Libre de virus.www.avg.com &lt;<a href=\"http:\/\/www.avg.com\/email-signature?utm_medium=email&amp;utm_source=link&amp;utm_campaign=sig-email&amp;utm_content=webmail\">www.avg.com\/email-signature?utm_medium=email&amp;utm_source=link&amp;utm_campaign=sig-email&amp;utm_content=webmail<\/a>&gt; <\/p>\n","protected":false},"excerpt":{"rendered":"<p>Un nuevo centro m\u00e1s para honrar la memoria de los veteranos y sus familias. En esta casa museo se podr\u00e1 conocer la historia de las islas de los 50 soldados place\u00f1os. El gobernador Jorge Capitanich encabez\u00f3 el acto de reapertura de la Casa Museo del Veterano de Malvinas en Presidencia de la Plaza, que estrena [&hellip;]<\/p>\n","protected":false},"author":1,"featured_media":20112,"comment_status":"closed","ping_status":"closed","sticky":false,"template":"","format":"standard","meta":{"footnotes":""},"categories":[6],"tags":[],"class_list":{"0":"post-20111","1":"post","2":"type-post","3":"status-publish","4":"format-standard","5":"has-post-thumbnail","7":"category-chaco"},"_links":{"self":[{"href":"https:\/\/chacosintesis.com.ar\/index.php\/wp-json\/wp\/v2\/posts\/20111","targetHints":{"allow":["GET"]}}],"collection":[{"href":"https:\/\/chacosintesis.com.ar\/index.php\/wp-json\/wp\/v2\/posts"}],"about":[{"href":"https:\/\/chacosintesis.com.ar\/index.php\/wp-json\/wp\/v2\/types\/post"}],"author":[{"embeddable":true,"href":"https:\/\/chacosintesis.com.ar\/index.php\/wp-json\/wp\/v2\/users\/1"}],"replies":[{"embeddable":true,"href":"https:\/\/chacosintesis.com.ar\/index.php\/wp-json\/wp\/v2\/comments?post=20111"}],"version-history":[{"count":0,"href":"https:\/\/chacosintesis.com.ar\/index.php\/wp-json\/wp\/v2\/posts\/20111\/revisions"}],"wp:featuredmedia":[{"embeddable":true,"href":"https:\/\/chacosintesis.com.ar\/index.php\/wp-json\/wp\/v2\/media\/20112"}],"wp:attachment":[{"href":"https:\/\/chacosintesis.com.ar\/index.php\/wp-json\/wp\/v2\/media?parent=20111"}],"wp:term":[{"taxonomy":"category","embeddable":true,"href":"https:\/\/chacosintesis.com.ar\/index.php\/wp-json\/wp\/v2\/categories?post=20111"},{"taxonomy":"post_tag","embeddable":true,"href":"https:\/\/chacosintesis.com.ar\/index.php\/wp-json\/wp\/v2\/tags?post=20111"}],"curies":[{"name":"wp","href":"https:\/\/api.w.org\/{rel}","templated":true}]}}