{"id":20109,"date":"2023-03-30T15:52:44","date_gmt":"2023-03-30T18:52:44","guid":{"rendered":"https:\/\/chacosintesis.com.ar\/?p=20109"},"modified":"2023-03-30T16:07:01","modified_gmt":"2023-03-30T19:07:01","slug":"detenido-por-ser-el-presunto-abusador-de-una-menor-de-edad","status":"publish","type":"post","link":"https:\/\/chacosintesis.com.ar\/index.php\/detenido-por-ser-el-presunto-abusador-de-una-menor-de-edad\/","title":{"rendered":"DETENIDO POR SER EL PRESUNTO ABUSADOR DE UNA MENOR DE EDAD"},"content":{"rendered":"<p>El hecho ocurri\u00f3 en diciembre del a\u00f1o pasado seg\u00fan la madre de la adolescente de 13 a\u00f1os. Anoche lograron capturarlo y ponerlo ante la justicia.<br \/>\nEl a\u00f1o pasado, en Colonia Brandsen Norte, una adolescente de 13 a\u00f1os fue abusada sexualmente por el compa\u00f1ero de trabajo de su padre. Desde entonces y hasta el d\u00eda de ayer, lo mantuvo oculto. Esto es lo que la madre de la menor y la damnificada pudieron hablar con los agentes de Machagai al momento de la denuncia.<br \/>\nAyer a las 9 de la ma\u00f1ana, la adolescente y sus padres fueron hasta el hospital para realizar los estudios m\u00e9dicos, luego de eso se acercaron a la comisar\u00eda para denunciar el hecho y finalmente fue derivado a Presidencia de la Plaza por razones de jurisdicci\u00f3n.<br \/>\nUna vez que el expediente lleg\u00f3 a la unidad, el personal comenz\u00f3 la investigaci\u00f3n y para la noche, aproximadamente a las 21, se dirigieron al lugar del hecho que estaba a tan solo 11 minutos del destacamento policial.<br \/>\nCuando llegaron a Colonia Brandsen Norte hablaron con el morador de la vivienda que una vez informado sobre la situaci\u00f3n, colabor\u00f3 con la entrega del presunto autor del il\u00edcito, \u00e9ste de 34 a\u00f1os se entreg\u00f3 sin oponer resistencia.<br \/>\nFinalmente, fue notificado de su aprehensi\u00f3n por \u201cSupuesto Abuso Sexual con Acceso Carnal\u201d por disposici\u00f3n del equipo fiscal e intervino la Unidad de Protecci\u00f3n Integral.<br \/>\n<<a href=\"http:\/\/www.avg.com\/email-signature?utm_medium=email&#038;utm_source=link&#038;utm_campaign=sig-email&#038;utm_content=webmail\">www.avg.com\/email-signature?utm_medium=email&amp;utm_source=link&amp;utm_campaign=sig-email&amp;utm_content=webmail<\/a>> Libre de virus.www.avg.com <<a href=\"http:\/\/www.avg.com\/email-signature?utm_medium=email&#038;utm_source=link&#038;utm_campaign=sig-email&#038;utm_content=webmail\">www.avg.com\/email-signature?utm_medium=email&amp;utm_source=link&amp;utm_campaign=sig-email&amp;utm_content=webmail<\/a>> <#DAB4FAD8-2DD7-40BB-A1B8-4E2AA1F9FDF2><\/p>\n","protected":false},"excerpt":{"rendered":"<p>El hecho ocurri\u00f3 en diciembre del a\u00f1o pasado seg\u00fan la madre de la adolescente de 13 a\u00f1os. Anoche lograron capturarlo y ponerlo ante la justicia. El a\u00f1o pasado, en Colonia Brandsen Norte, una adolescente de 13 a\u00f1os fue abusada sexualmente por el compa\u00f1ero de trabajo de su padre. Desde entonces y hasta el d\u00eda de [&hellip;]<\/p>\n","protected":false},"author":1,"featured_media":20110,"comment_status":"closed","ping_status":"closed","sticky":false,"template":"","format":"standard","meta":{"footnotes":""},"categories":[6],"tags":[],"class_list":{"0":"post-20109","1":"post","2":"type-post","3":"status-publish","4":"format-standard","5":"has-post-thumbnail","7":"category-chaco"},"_links":{"self":[{"href":"https:\/\/chacosintesis.com.ar\/index.php\/wp-json\/wp\/v2\/posts\/20109","targetHints":{"allow":["GET"]}}],"collection":[{"href":"https:\/\/chacosintesis.com.ar\/index.php\/wp-json\/wp\/v2\/posts"}],"about":[{"href":"https:\/\/chacosintesis.com.ar\/index.php\/wp-json\/wp\/v2\/types\/post"}],"author":[{"embeddable":true,"href":"https:\/\/chacosintesis.com.ar\/index.php\/wp-json\/wp\/v2\/users\/1"}],"replies":[{"embeddable":true,"href":"https:\/\/chacosintesis.com.ar\/index.php\/wp-json\/wp\/v2\/comments?post=20109"}],"version-history":[{"count":0,"href":"https:\/\/chacosintesis.com.ar\/index.php\/wp-json\/wp\/v2\/posts\/20109\/revisions"}],"wp:featuredmedia":[{"embeddable":true,"href":"https:\/\/chacosintesis.com.ar\/index.php\/wp-json\/wp\/v2\/media\/20110"}],"wp:attachment":[{"href":"https:\/\/chacosintesis.com.ar\/index.php\/wp-json\/wp\/v2\/media?parent=20109"}],"wp:term":[{"taxonomy":"category","embeddable":true,"href":"https:\/\/chacosintesis.com.ar\/index.php\/wp-json\/wp\/v2\/categories?post=20109"},{"taxonomy":"post_tag","embeddable":true,"href":"https:\/\/chacosintesis.com.ar\/index.php\/wp-json\/wp\/v2\/tags?post=20109"}],"curies":[{"name":"wp","href":"https:\/\/api.w.org\/{rel}","templated":true}]}}