{"id":20107,"date":"2023-03-30T15:17:57","date_gmt":"2023-03-30T18:17:57","guid":{"rendered":"https:\/\/chacosintesis.com.ar\/?p=20107"},"modified":"2023-03-30T15:38:42","modified_gmt":"2023-03-30T18:38:42","slug":"murio-un-motociclista-viajero-todavia-no-fue-identificado","status":"publish","type":"post","link":"https:\/\/chacosintesis.com.ar\/index.php\/murio-un-motociclista-viajero-todavia-no-fue-identificado\/","title":{"rendered":"Muri\u00f3 un motociclista viajero: todav\u00eda no fue identificado"},"content":{"rendered":"<p>Un grupo de motociclistas, aparentemente proveniente de Brasil, debi\u00f3 suspender su recorrido debido a la muerte de uno de ellos, en la ruta 16.<br \/>\nEste jueves por la ma\u00f1ana, un motociclista perdi\u00f3 la vida en un accidente de tr\u00e1nsito, ocurrido por la ruta 16, cerca de La Verde. A\u00fan no se pudo establecer la identidad del fallecido, que ser\u00eda de nacionalidad brasilera.<br \/>\nUn grupo de motoviajeros, que circulaban por la ruta 16 rumbo a Rio Hondo, sufrieron una demora en su recorrido, por un siniestro que sufri\u00f3 uno de ellos.<br \/>\nEl hecho fue a las 10:45, aproximadamente, entre una moto de alta cilindrada y un autom\u00f3vil Ford Focus.<br \/>\nEl motociclista falleci\u00f3 en el acto y procuran identificarlo.<br \/>\nEn el lugar, trabaja personal de la Polic\u00eda Caminera y de la Comisar\u00eda de La Verde.<\/p>\n<p> Fuente:Datachaco<br \/>\n<<a href=\"http:\/\/www.avg.com\/email-signature?utm_medium=email&#038;utm_source=link&#038;utm_campaign=sig-email&#038;utm_content=webmail\">www.avg.com\/email-signature?utm_medium=email&amp;utm_source=link&amp;utm_campaign=sig-email&amp;utm_content=webmail<\/a>> Libre de virus.www.avg.com <<a href=\"http:\/\/www.avg.com\/email-signature?utm_medium=email&#038;utm_source=link&#038;utm_campaign=sig-email&#038;utm_content=webmail\">www.avg.com\/email-signature?utm_medium=email&amp;utm_source=link&amp;utm_campaign=sig-email&amp;utm_content=webmail<\/a>> <#DAB4FAD8-2DD7-40BB-A1B8-4E2AA1F9FDF2><\/p>\n","protected":false},"excerpt":{"rendered":"<p>Un grupo de motociclistas, aparentemente proveniente de Brasil, debi\u00f3 suspender su recorrido debido a la muerte de uno de ellos, en la ruta 16. Este jueves por la ma\u00f1ana, un motociclista perdi\u00f3 la vida en un accidente de tr\u00e1nsito, ocurrido por la ruta 16, cerca de La Verde. A\u00fan no se pudo establecer la identidad [&hellip;]<\/p>\n","protected":false},"author":1,"featured_media":20108,"comment_status":"closed","ping_status":"closed","sticky":false,"template":"","format":"standard","meta":{"footnotes":""},"categories":[6],"tags":[],"class_list":{"0":"post-20107","1":"post","2":"type-post","3":"status-publish","4":"format-standard","5":"has-post-thumbnail","7":"category-chaco"},"_links":{"self":[{"href":"https:\/\/chacosintesis.com.ar\/index.php\/wp-json\/wp\/v2\/posts\/20107","targetHints":{"allow":["GET"]}}],"collection":[{"href":"https:\/\/chacosintesis.com.ar\/index.php\/wp-json\/wp\/v2\/posts"}],"about":[{"href":"https:\/\/chacosintesis.com.ar\/index.php\/wp-json\/wp\/v2\/types\/post"}],"author":[{"embeddable":true,"href":"https:\/\/chacosintesis.com.ar\/index.php\/wp-json\/wp\/v2\/users\/1"}],"replies":[{"embeddable":true,"href":"https:\/\/chacosintesis.com.ar\/index.php\/wp-json\/wp\/v2\/comments?post=20107"}],"version-history":[{"count":0,"href":"https:\/\/chacosintesis.com.ar\/index.php\/wp-json\/wp\/v2\/posts\/20107\/revisions"}],"wp:featuredmedia":[{"embeddable":true,"href":"https:\/\/chacosintesis.com.ar\/index.php\/wp-json\/wp\/v2\/media\/20108"}],"wp:attachment":[{"href":"https:\/\/chacosintesis.com.ar\/index.php\/wp-json\/wp\/v2\/media?parent=20107"}],"wp:term":[{"taxonomy":"category","embeddable":true,"href":"https:\/\/chacosintesis.com.ar\/index.php\/wp-json\/wp\/v2\/categories?post=20107"},{"taxonomy":"post_tag","embeddable":true,"href":"https:\/\/chacosintesis.com.ar\/index.php\/wp-json\/wp\/v2\/tags?post=20107"}],"curies":[{"name":"wp","href":"https:\/\/api.w.org\/{rel}","templated":true}]}}