{"id":20097,"date":"2023-03-30T00:11:17","date_gmt":"2023-03-30T03:11:17","guid":{"rendered":"https:\/\/chacosintesis.com.ar\/?p=20097"},"modified":"2023-03-30T00:38:07","modified_gmt":"2023-03-30T03:38:07","slug":"capitanich-recibio-a-autoridades-de-la-bolsa-de-comercio-del-chaco","status":"publish","type":"post","link":"https:\/\/chacosintesis.com.ar\/index.php\/capitanich-recibio-a-autoridades-de-la-bolsa-de-comercio-del-chaco\/","title":{"rendered":"Capitanich recibi\u00f3 a autoridades de la Bolsa de Comercio del Chaco"},"content":{"rendered":"<p>El mandatario se reuni\u00f3, este mi\u00e9rcoles, con el presidente de la entidad burs\u00e1til, Ariel Ojeda, y el gerente general Julio Barrios Cima, con quienes abord\u00f3 varios temas vinculados a la actividad de la Bolsa.<\/p>\n<p>El gobernador Jorge Capitanich recibi\u00f3 al presidente de la Bolsa de Comercio del Chaco, Ariel Ojeda, con quien evalu\u00f3 el trabajo que lleva adelante la entidad, en virtud de su rol clave en el financiamiento de empresas de la regi\u00f3n. Adem\u00e1s, dialogaron sobre la asamblea que se realizar\u00e1 en abril para la renovaci\u00f3n del consejo directivo.<br \/>\n\u201cLa Bolsa de Comercio del Chaco es l\u00edder en el norte argentino y tiene un rol muy importante para la financiaci\u00f3n de las pymes. Hablamos del lanzamiento de la fundaci\u00f3n y sobre incentivos para el mercado algodonero\u201d, coment\u00f3 el mandatario en sus redes sociales.<br \/>\n\u201cAcompa\u00f1amos su trabajo para la introducci\u00f3n de empresas chaque\u00f1as al mercado de capitales, con \u00e1reas de inversi\u00f3n y de financiamiento con herramientas para pymes con tasa subsidiada\u201d, complet\u00f3 Capitanich.<br \/>\nJunto a Ojeda, fue parte de la reuni\u00f3n en el despacho del gobernador, el gerente general de la Bolsa chaque\u00f1a, Julio Barrios Cima.<\/p>\n","protected":false},"excerpt":{"rendered":"<p>El mandatario se reuni\u00f3, este mi\u00e9rcoles, con el presidente de la entidad burs\u00e1til, Ariel Ojeda, y el gerente general Julio Barrios Cima, con quienes abord\u00f3 varios temas vinculados a la actividad de la Bolsa. El gobernador Jorge Capitanich recibi\u00f3 al presidente de la Bolsa de Comercio del Chaco, Ariel Ojeda, con quien evalu\u00f3 el trabajo [&hellip;]<\/p>\n","protected":false},"author":1,"featured_media":20098,"comment_status":"closed","ping_status":"closed","sticky":false,"template":"","format":"standard","meta":{"footnotes":""},"categories":[6],"tags":[],"class_list":{"0":"post-20097","1":"post","2":"type-post","3":"status-publish","4":"format-standard","5":"has-post-thumbnail","7":"category-chaco"},"_links":{"self":[{"href":"https:\/\/chacosintesis.com.ar\/index.php\/wp-json\/wp\/v2\/posts\/20097","targetHints":{"allow":["GET"]}}],"collection":[{"href":"https:\/\/chacosintesis.com.ar\/index.php\/wp-json\/wp\/v2\/posts"}],"about":[{"href":"https:\/\/chacosintesis.com.ar\/index.php\/wp-json\/wp\/v2\/types\/post"}],"author":[{"embeddable":true,"href":"https:\/\/chacosintesis.com.ar\/index.php\/wp-json\/wp\/v2\/users\/1"}],"replies":[{"embeddable":true,"href":"https:\/\/chacosintesis.com.ar\/index.php\/wp-json\/wp\/v2\/comments?post=20097"}],"version-history":[{"count":0,"href":"https:\/\/chacosintesis.com.ar\/index.php\/wp-json\/wp\/v2\/posts\/20097\/revisions"}],"wp:featuredmedia":[{"embeddable":true,"href":"https:\/\/chacosintesis.com.ar\/index.php\/wp-json\/wp\/v2\/media\/20098"}],"wp:attachment":[{"href":"https:\/\/chacosintesis.com.ar\/index.php\/wp-json\/wp\/v2\/media?parent=20097"}],"wp:term":[{"taxonomy":"category","embeddable":true,"href":"https:\/\/chacosintesis.com.ar\/index.php\/wp-json\/wp\/v2\/categories?post=20097"},{"taxonomy":"post_tag","embeddable":true,"href":"https:\/\/chacosintesis.com.ar\/index.php\/wp-json\/wp\/v2\/tags?post=20097"}],"curies":[{"name":"wp","href":"https:\/\/api.w.org\/{rel}","templated":true}]}}