{"id":20074,"date":"2023-03-29T21:00:22","date_gmt":"2023-03-30T00:00:22","guid":{"rendered":"https:\/\/chacosintesis.com.ar\/?p=20074"},"modified":"2023-03-29T21:07:46","modified_gmt":"2023-03-30T00:07:46","slug":"live-from-the-field-7","status":"publish","type":"post","link":"https:\/\/chacosintesis.com.ar\/index.php\/live-from-the-field-7\/","title":{"rendered":"Live From The Field"},"content":{"rendered":"<p>A partir de la firma de un convenio con la Federaci\u00f3n Central de Bomberos Voluntarios de la provincia, 25 personas espec\u00edficamente capacitadas formar\u00e1n parte de la Brigada Federativa de Bomberos Voluntarios Forestal de la provincia. En la ocasi\u00f3n tambi\u00e9n entregaron equipamiento y una motobomba.<br \/>\n El gobernador Jorge Capitanich particip\u00f3 este mi\u00e9rcoles junto al ministro de Gobierno y Trabajo, Juan Manuel Chapo, de la firma del convenio que formaliza la creaci\u00f3n de la Brigada Federativa de Bomberos Voluntarios Forestal (BFBVF). Adem\u00e1s de la firma, y presentaci\u00f3n oficial de autoridades, el mandatario entreg\u00f3 equipamiento para el combate de incendios y una motobomba.<br \/>\n\u201cCreemos que es necesario estar prevenidos, para lo cual la capacitaci\u00f3n del personal con el equipamiento correspondiente, m\u00e1s su extensi\u00f3n territorial genera mejores condiciones de intervenci\u00f3n\u201d, expres\u00f3 Capitanich, quien record\u00f3 que la firma del convenio se inscribe en una estrategia de fortalecimiento institucional por parte del Estado Provincial.<br \/>\nTras la firma entre el Ministerio y la Federaci\u00f3n Central de Bomberos Voluntarios del Chaco, las autoridades entregaron 10 trajes y 10 mochilas para incendios forestales, herramientas y una motobomba, fundamentales para la Brigada y el combate de incendios en \u00e1reas rurales\/forestales.<br \/>\nEl mandatario destac\u00f3 tambi\u00e9n el crecimiento de la cantidad de Asociaciones de Bomberos Voluntarios en la provincia, pasando de 17, en 2019, a 24 en 2021 y 29 actualmente \u201cde las cuales 25 reciben de forma sistem\u00e1tica y regular transferencia de fondos de la Ley Nacional\u201d, puntualiz\u00f3, mencionando adem\u00e1s la existencia actual de 500 bomberos voluntarios en la provincia, como  \u201cprueba contundente de su solidaridad, cooperaci\u00f3n y trabajo\u201d.<br \/>\nRecordando la conformaci\u00f3n del territorio provincial por un 46 por ciento de superficie boscosa, Capitanich apunt\u00f3 a la necesidad de mejorar la capacidad de intervenci\u00f3n territorial y de cobertura frente a focos \u00edgneos. \u201cEs una tarea cicl\u00f3pea y un esfuerzo extraordinario\u201d, asegur\u00f3.<br \/>\nEl gobernador destac\u00f3 adem\u00e1s que el seguimiento de los indicadores de focos \u00edgneos permite \u201ctener un sistema de aproximaciones para la intervenci\u00f3n orientada a que esos focos no se expandan\u201d.<br \/>\nUn equipo altamente capacitado<br \/>\nPor su parte, el ministro Chapo hizo hincapi\u00e9 en la formaci\u00f3n del personal del que conformar\u00e1 la brigada, puntualizando que \u201cson bomberos y bomberas que fueron espec\u00edficamente formados y capacitados para el combate de incendios forestales, en el marco del convenio oportunamente firmado en el a\u00f1o 2022, entre el Ministerio de Gobierno y Trabajo y la Federaci\u00f3n Central de Bomberos Voluntarios\u201d.<br \/>\nChapo aclar\u00f3 que, a partir de la firma del compromiso, el Gobierno provincial, a trav\u00e9s del Ministerio de Gobierno y Trabajo reconocer\u00e1 \u201ctodo gasto que demande el desplazamiento de la brigada cuando intervenga a pedido de la Direcci\u00f3n Provincial de Defensa Civil\u201d, en el marco de la aplicaci\u00f3n de la ley Provincial 1751-R de Manejo del Fuego y ley provincial 2154-R de adhesi\u00f3n a la ley nacional.<br \/>\nA su turno, el presidente de la Federaci\u00f3n Central de Bomberos Voluntarios del Chaco, Carlos Alfonso celebr\u00f3 la creaci\u00f3n de la Brigada, que significa \u201corganizar a bomberos voluntarios y ponerlos a disposici\u00f3n de las autoridades de Protecci\u00f3n Civil de la provincia, para atender incendios forestales de magnitud, cualquier punto del Chaco como as\u00ed tambi\u00e9n, prestar colaboraci\u00f3n a otras protecciones civiles del territorio nacional\u201d, argument\u00f3.<br \/>\nEn tanto que el Jefe de la BFBVF, N\u00e9stor Borda, destac\u00f3 la aptitud del equipo integrado por hombres y mujeres de distintos cuarteles del Chaco \u201cque se prepararon durante a\u00f1os, haciendo cursos, pr\u00e1cticas a nivel nacional, a trav\u00e9s de la Academia Nacional de Bomberos Voluntarios y a trav\u00e9s del Servicio Federal de Manejo de Fuego, donde egresaron con el grado de \u2018Combatientes Forestales\u2019\u201d, detall\u00f3 Borda. Tambi\u00e9n aclar\u00f3 que \u201cla base del equipo estar\u00e1 en Quitilipi\u201d, en el centro de la provincia.<br \/>\nParticiparon del acto el presidente de la Federaci\u00f3n Central de Bomberos Voluntarios del Chaco, Carlos Alfonso, presidentes de distintas asociaciones de Bomberos Voluntarios y miembros de asociaciones de distintos puntos de la provincia (San Bernardo, Quitilipi, Presidencia Roque S\u00e1enz Pe\u00f1a, Barranqueras, Resistencia y Margarita Bel\u00e9n).<\/p>\n","protected":false},"excerpt":{"rendered":"<p>A partir de la firma de un convenio con la Federaci\u00f3n Central de Bomberos Voluntarios de la provincia, 25 personas espec\u00edficamente capacitadas formar\u00e1n parte de la Brigada Federativa de Bomberos Voluntarios Forestal de la provincia. En la ocasi\u00f3n tambi\u00e9n entregaron equipamiento y una motobomba. El gobernador Jorge Capitanich particip\u00f3 este mi\u00e9rcoles junto al ministro de [&hellip;]<\/p>\n","protected":false},"author":1,"featured_media":20075,"comment_status":"closed","ping_status":"closed","sticky":false,"template":"","format":"standard","meta":{"footnotes":""},"categories":[6],"tags":[],"class_list":{"0":"post-20074","1":"post","2":"type-post","3":"status-publish","4":"format-standard","5":"has-post-thumbnail","7":"category-chaco"},"_links":{"self":[{"href":"https:\/\/chacosintesis.com.ar\/index.php\/wp-json\/wp\/v2\/posts\/20074","targetHints":{"allow":["GET"]}}],"collection":[{"href":"https:\/\/chacosintesis.com.ar\/index.php\/wp-json\/wp\/v2\/posts"}],"about":[{"href":"https:\/\/chacosintesis.com.ar\/index.php\/wp-json\/wp\/v2\/types\/post"}],"author":[{"embeddable":true,"href":"https:\/\/chacosintesis.com.ar\/index.php\/wp-json\/wp\/v2\/users\/1"}],"replies":[{"embeddable":true,"href":"https:\/\/chacosintesis.com.ar\/index.php\/wp-json\/wp\/v2\/comments?post=20074"}],"version-history":[{"count":0,"href":"https:\/\/chacosintesis.com.ar\/index.php\/wp-json\/wp\/v2\/posts\/20074\/revisions"}],"wp:featuredmedia":[{"embeddable":true,"href":"https:\/\/chacosintesis.com.ar\/index.php\/wp-json\/wp\/v2\/media\/20075"}],"wp:attachment":[{"href":"https:\/\/chacosintesis.com.ar\/index.php\/wp-json\/wp\/v2\/media?parent=20074"}],"wp:term":[{"taxonomy":"category","embeddable":true,"href":"https:\/\/chacosintesis.com.ar\/index.php\/wp-json\/wp\/v2\/categories?post=20074"},{"taxonomy":"post_tag","embeddable":true,"href":"https:\/\/chacosintesis.com.ar\/index.php\/wp-json\/wp\/v2\/tags?post=20074"}],"curies":[{"name":"wp","href":"https:\/\/api.w.org\/{rel}","templated":true}]}}